{"id":51107,"date":"2025-01-24T13:44:38","date_gmt":"2025-01-24T13:44:38","guid":{"rendered":"https:\/\/themexicopost.com\/?p=51107"},"modified":"2025-01-24T13:44:48","modified_gmt":"2025-01-24T13:44:48","slug":"alrededor-de-250-millones-de-ninos-perdieron-clases-a-causa-del-clima-extremo-unicef","status":"publish","type":"post","link":"https:\/\/themexicopost.com\/?p=51107","title":{"rendered":"Alrededor de 250 millones de ni\u00f1os perdieron clases a causa del clima extremo: UNICEF"},"content":{"rendered":"\n<figure class=\"wp-block-pullquote\"><blockquote><p>El informe tambi\u00e9n describi\u00f3 c\u00f3mo algunos pa\u00edses vieron cientos de sus escuelas destruidas por el clima, y \u200b\u200blas naciones de bajos ingresos en Asia y el \u00c1frica subsahariana se vieron especialmente afectadas.<\/p><\/blockquote><\/figure>\n\n\n\n<p class=\"has-drop-cap\">Al menos 242 millones de ni\u00f1os en 85 pa\u00edses tuvieron que interrumpir sus clases el a\u00f1o pasado debido a olas de calor, ciclones, inundaciones y otras condiciones clim\u00e1ticas extremas, dijo el Fondo de las Naciones Unidas para la Infancia en un nuevo informe publicado.<br><\/p>\n\n\n\n<p>UNICEF dijo que uno de cada siete ni\u00f1os en edad escolar en todo el mundo se quedar\u00e1 sin clases en alg\u00fan momento de 2024 debido a los peligros clim\u00e1ticos.<br><\/p>\n\n\n\n<p>El informe tambi\u00e9n describi\u00f3 c\u00f3mo algunos pa\u00edses vieron cientos de sus escuelas destruidas por el clima, y \u200b\u200blas naciones de bajos ingresos en Asia y el \u00c1frica subsahariana se vieron especialmente afectadas.<br><\/p>\n\n\n\n<p>Pero otras regiones no se salvaron del clima extremo, ya que las lluvias torrenciales e inundaciones en Italia cerca del final del a\u00f1o interrumpieron las clases para m\u00e1s de 900.000 ni\u00f1os. Miles tuvieron que suspender sus clases despu\u00e9s de una inundaci\u00f3n catastr\u00f3fica en Espa\u00f1a.<br><\/p>\n\n\n\n<p>Mientras que el sur de Europa se enfrent\u00f3 a inundaciones mortales y Asia y \u00c1frica sufrieron inundaciones y ciclones, las olas de calor fueron \u201cel riesgo clim\u00e1tico predominante que oblig\u00f3 a cerrar escuelas el a\u00f1o pasado\u201d, dijo UNICEF, mientras la Tierra registraba su a\u00f1o m\u00e1s caluroso de la historia.<br><\/p>\n\n\n\n<p>M\u00e1s de 118 millones de ni\u00f1os vieron interrumpida su escolaridad solo en abril, dijo UNICEF, ya que grandes partes de Medio Oriente y Asia, desde Gaza en el oeste hasta Filipinas en el sureste, experimentaron una ola de calor abrasadora que dur\u00f3 semanas con temperaturas que superaron los 40 grados Celsius (104 Fahrenheit).<br><\/p>\n\n\n\n<p>Alrededor del 74% de los ni\u00f1os afectados en 2024 se encontraban en pa\u00edses de ingresos medios y bajos, lo que demuestra que los fen\u00f3menos clim\u00e1ticos extremos siguen teniendo un impacto devastador en los pa\u00edses m\u00e1s pobres. Las inundaciones arruinaron m\u00e1s de 400 escuelas en Pakist\u00e1n en abril. Afganist\u00e1n sufri\u00f3 olas de calor seguidas de graves inundaciones que destruyeron m\u00e1s de 110 escuelas en mayo, seg\u00fan UNICEF.<br><\/p>\n\n\n\n<p>Meses de sequ\u00eda en el sur de \u00c1frica, agravados por el fen\u00f3meno meteorol\u00f3gico de El Ni\u00f1o, amenazaron la escolarizaci\u00f3n y el futuro de millones de ni\u00f1os.<br><\/p>\n\n\n\n<p>Y las crisis no dieron se\u00f1ales de remitir. El pobre territorio franc\u00e9s de Mayotte, en el oc\u00e9ano \u00cdndico frente a \u00c1frica, qued\u00f3 en ruinas por el cicl\u00f3n Chido en diciembre y volvi\u00f3 a ser azotado por la tormenta tropical Dikeledi este mes, dejando a los ni\u00f1os de las islas sin escolarizar durante seis semanas.<br><\/p>\n\n\n\n<p>El cicl\u00f3n Chido tambi\u00e9n destruy\u00f3 m\u00e1s de 330 escuelas y tres departamentos regionales de educaci\u00f3n en Mozambique, en el continente africano, donde el acceso a la educaci\u00f3n ya es un problema grave.<br><\/p>\n\n\n\n<p>UNICEF dijo que las escuelas y los sistemas educativos del mundo est\u00e1n en gran medida mal equipados para lidiar con los efectos del clima extremo.<\/p>\n","protected":false},"excerpt":{"rendered":"<p>El informe tambi\u00e9n describi\u00f3 c\u00f3mo algunos pa\u00edses vieron cientos de sus escuelas destruidas por el clima, y \u200b\u200blas naciones de bajos ingresos en Asia y el \u00c1frica subsahariana se vieron especialmente afectadas. Al menos 242 millones de ni\u00f1os en 85 pa\u00edses tuvieron que interrumpir sus clases el a\u00f1o pasado debido a olas de calor, ciclones, [&hellip;]<\/p>\n","protected":false},"author":1,"featured_media":51108,"comment_status":"closed","ping_status":"closed","sticky":false,"template":"","format":"standard","meta":{"footnotes":""},"categories":[83,80],"tags":[],"class_list":["post-51107","post","type-post","status-publish","format-standard","has-post-thumbnail","hentry","category-destacado","category-mundo"],"_links":{"self":[{"href":"https:\/\/themexicopost.com\/index.php?rest_route=\/wp\/v2\/posts\/51107","targetHints":{"allow":["GET"]}}],"collection":[{"href":"https:\/\/themexicopost.com\/index.php?rest_route=\/wp\/v2\/posts"}],"about":[{"href":"https:\/\/themexicopost.com\/index.php?rest_route=\/wp\/v2\/types\/post"}],"author":[{"embeddable":true,"href":"https:\/\/themexicopost.com\/index.php?rest_route=\/wp\/v2\/users\/1"}],"replies":[{"embeddable":true,"href":"https:\/\/themexicopost.com\/index.php?rest_route=%2Fwp%2Fv2%2Fcomments&post=51107"}],"version-history":[{"count":1,"href":"https:\/\/themexicopost.com\/index.php?rest_route=\/wp\/v2\/posts\/51107\/revisions"}],"predecessor-version":[{"id":51109,"href":"https:\/\/themexicopost.com\/index.php?rest_route=\/wp\/v2\/posts\/51107\/revisions\/51109"}],"wp:featuredmedia":[{"embeddable":true,"href":"https:\/\/themexicopost.com\/index.php?rest_route=\/wp\/v2\/media\/51108"}],"wp:attachment":[{"href":"https:\/\/themexicopost.com\/index.php?rest_route=%2Fwp%2Fv2%2Fmedia&parent=51107"}],"wp:term":[{"taxonomy":"category","embeddable":true,"href":"https:\/\/themexicopost.com\/index.php?rest_route=%2Fwp%2Fv2%2Fcategories&post=51107"},{"taxonomy":"post_tag","embeddable":true,"href":"https:\/\/themexicopost.com\/index.php?rest_route=%2Fwp%2Fv2%2Ftags&post=51107"}],"curies":[{"name":"wp","href":"https:\/\/api.w.org\/{rel}","templated":true}]}}