{"id":51110,"date":"2025-01-24T13:46:50","date_gmt":"2025-01-24T13:46:50","guid":{"rendered":"https:\/\/themexicopost.com\/?p=51110"},"modified":"2025-01-24T13:46:56","modified_gmt":"2025-01-24T13:46:56","slug":"se-reanudan-los-vuelos-comerciales-entre-turquia-y-siria-despues-de-13-anos","status":"publish","type":"post","link":"https:\/\/themexicopost.com\/?p=51110","title":{"rendered":"Se reanudan los vuelos comerciales entre Turqu\u00eda y Siria despu\u00e9s de 13 a\u00f1os"},"content":{"rendered":"\n<figure class=\"wp-block-pullquote\"><blockquote><p>Los vuelos comerciales entre Turqu\u00eda y Siria se reanudaron despu\u00e9s de 13 a\u00f1os con un vuelo de Turkish Airlines de Estambul a Damasco.<br><\/p><\/blockquote><\/figure>\n\n\n\n<p class=\"has-drop-cap\">Los medios turcos mostraron a familias sirias envueltas en su bandera nacional cantando canciones a favor de la oposici\u00f3n y vitoreando mientras se preparaban para abordar el vuelo TK0846 a Damasco. Los pasajeros continuaron sus celebraciones dentro del avi\u00f3n, cantando el himno de la insurrecci\u00f3n \u201cMantengan la cabeza en alto, son sirios libres\u201d. Un hombre sollozaba mientras esperaba el despegue.<br><\/p>\n\n\n\n<p>El primer vuelo comercial internacional desde la ca\u00edda de Assad, un avi\u00f3n de Royal Jordanian Airlines, aterriz\u00f3 en Damasco a principios de este mes.<br><\/p>\n\n\n\n<p>Turqu\u00eda, un aliado clave de las nuevas autoridades de Siria, ha expresado su intenci\u00f3n de invertir en su econom\u00eda y ayudar a sus sectores de electricidad y energ\u00eda, que est\u00e1n en crisis.<br><\/p>\n\n\n\n<p>El director ejecutivo de Turkish Airlines, Bilal Eksi, anunci\u00f3 a principios de este mes que la aerol\u00ednea volar\u00eda tres veces por semana entre Estambul y Damasco. La medida se produjo tras una visita a Ankara del ministro de Asuntos Exteriores de Siria, Asaad al-Shibani, que se reuni\u00f3 con el presidente turco Recep Tayyip Erdogan y otros funcionarios.<\/p>\n","protected":false},"excerpt":{"rendered":"<p>Los vuelos comerciales entre Turqu\u00eda y Siria se reanudaron despu\u00e9s de 13 a\u00f1os con un vuelo de Turkish Airlines de Estambul a Damasco. Los medios turcos mostraron a familias sirias envueltas en su bandera nacional cantando canciones a favor de la oposici\u00f3n y vitoreando mientras se preparaban para abordar el vuelo TK0846 a Damasco. Los [&hellip;]<\/p>\n","protected":false},"author":1,"featured_media":51111,"comment_status":"closed","ping_status":"closed","sticky":false,"template":"","format":"standard","meta":{"footnotes":""},"categories":[80],"tags":[],"class_list":["post-51110","post","type-post","status-publish","format-standard","has-post-thumbnail","hentry","category-mundo"],"_links":{"self":[{"href":"https:\/\/themexicopost.com\/index.php?rest_route=\/wp\/v2\/posts\/51110","targetHints":{"allow":["GET"]}}],"collection":[{"href":"https:\/\/themexicopost.com\/index.php?rest_route=\/wp\/v2\/posts"}],"about":[{"href":"https:\/\/themexicopost.com\/index.php?rest_route=\/wp\/v2\/types\/post"}],"author":[{"embeddable":true,"href":"https:\/\/themexicopost.com\/index.php?rest_route=\/wp\/v2\/users\/1"}],"replies":[{"embeddable":true,"href":"https:\/\/themexicopost.com\/index.php?rest_route=%2Fwp%2Fv2%2Fcomments&post=51110"}],"version-history":[{"count":1,"href":"https:\/\/themexicopost.com\/index.php?rest_route=\/wp\/v2\/posts\/51110\/revisions"}],"predecessor-version":[{"id":51112,"href":"https:\/\/themexicopost.com\/index.php?rest_route=\/wp\/v2\/posts\/51110\/revisions\/51112"}],"wp:featuredmedia":[{"embeddable":true,"href":"https:\/\/themexicopost.com\/index.php?rest_route=\/wp\/v2\/media\/51111"}],"wp:attachment":[{"href":"https:\/\/themexicopost.com\/index.php?rest_route=%2Fwp%2Fv2%2Fmedia&parent=51110"}],"wp:term":[{"taxonomy":"category","embeddable":true,"href":"https:\/\/themexicopost.com\/index.php?rest_route=%2Fwp%2Fv2%2Fcategories&post=51110"},{"taxonomy":"post_tag","embeddable":true,"href":"https:\/\/themexicopost.com\/index.php?rest_route=%2Fwp%2Fv2%2Ftags&post=51110"}],"curies":[{"name":"wp","href":"https:\/\/api.w.org\/{rel}","templated":true}]}}