{"id":51116,"date":"2025-01-24T13:49:06","date_gmt":"2025-01-24T13:49:06","guid":{"rendered":"https:\/\/themexicopost.com\/?p=51116"},"modified":"2025-01-24T13:49:11","modified_gmt":"2025-01-24T13:49:11","slug":"demandaran-familias-francesas-a-tiktok-por-suicidios-de-adolescentes","status":"publish","type":"post","link":"https:\/\/themexicopost.com\/?p=51116","title":{"rendered":"Demandar\u00e1n familias francesas a TikTok por suicidios de adolescentes"},"content":{"rendered":"\n<figure class=\"wp-block-pullquote\"><blockquote><p>Acusan a la plataforma de no moderar el contenido da\u00f1ino y de exponer a los ni\u00f1os a material potencialmente mortal.<\/p><\/blockquote><\/figure>\n\n\n\n<p class=\"has-drop-cap\">Son al menos siete las familias en Francia que est\u00e1n planteando el demandar a la red social TikTok, acusan a la plataforma de no moderar el contenido da\u00f1ino y de exponer a los ni\u00f1os a material potencialmente mortal. De las siete familias, dos de ellas, sufrieron de manera lamentable la p\u00e9rdida de un hijo.<br><\/p>\n\n\n\n<p>Cuando se le pregunt\u00f3 sobre la demanda, TikTok dijo que sus pautas proh\u00edben cualquier promoci\u00f3n del suicidio y que emplea a 40.000 profesionales de la confianza y la seguridad en todo el mundo, cientos de los cuales son moderadores franc\u00f3fonos, para eliminar publicaciones peligrosas.<br><\/p>\n\n\n\n<p>La empresa tambi\u00e9n dijo que deriva a los usuarios que buscan videos relacionados con el suicidio a servicios de salud mental.<br><\/p>\n\n\n\n<p>Los cient\u00edficos no han establecido un v\u00ednculo claro entre las redes sociales y los problemas de salud mental o el da\u00f1o psicol\u00f3gico, dijo Gr\u00e9goire Borst, profesor de psicolog\u00eda y neurociencia cognitiva en la Universidad Paris-Cit\u00e9.<br><\/p>\n\n\n\n<p>\u201cEs muy dif\u00edcil demostrar una causa y efecto claros en esta \u00e1rea\u201d, dijo Borst, citando un importante estudio revisado por pares que encontr\u00f3 que solo el 0,4% de las diferencias en el bienestar de los adolescentes podr\u00edan atribuirse al uso de las redes sociales.<br><\/p>\n\n\n\n<p>Adem\u00e1s, Borst se\u00f1al\u00f3 que ning\u00fan estudio actual sugiere que TikTok sea m\u00e1s da\u00f1ino que las aplicaciones rivales como Snapchat, X, Facebook o Instagram.<br><\/p>\n\n\n\n<p>Si bien la mayor\u00eda de los adolescentes usan las redes sociales sin sufrir da\u00f1os significativos, los riesgos reales, dijo Borst, recaen en aquellos que ya enfrentan desaf\u00edos como el acoso escolar o la inestabilidad familiar.<br><\/p>\n\n\n\n<p>Una de las familias afectadas es Stephanie Mistre qui\u00e9n encontro a su hija Marie Le Tiec de 15 a\u00f1os sin vida en el dormitorio donde se suicid\u00f3. Mistre buscaba respuestas para este hecho por lo que revis\u00f3 su tel\u00e9fono, donde encontr\u00f3 videos que promocionaban m\u00e9todos de suicidio, tutoriales y comentarios que alentaban a los usuarios a ir m\u00e1s all\u00e1 de los \u201cmeros intentos de suicidio\u201d.<br><\/p>\n\n\n\n<p>Se\u00f1ala que fue el algoritmo de TikTok quien hab\u00eda enviado repetidamente este tipo de contenido a su hija. Acuso a la plataforma de ejercer un lavado de cerebro a su hija. \u201cNormalizaron la depresi\u00f3n y la autolesi\u00f3n, convirti\u00e9ndolas en un sentido retorcido de pertenencia\u201d.<br><\/p>\n\n\n\n<p>Antes de suicidarse, Marie Le Tiec hizo varios videos para explicar su decisi\u00f3n, citando varias dificultades en su vida, y cit\u00f3 una canci\u00f3n del grupo de rap emo Suicideboys, con sede en Luisiana, que es popular en TikTok.<br><\/p>\n\n\n\n<p>Su madre tambi\u00e9n afirma que su hija fue acosada y hostigada repetidamente en la escuela y en l\u00ednea. Adem\u00e1s de la demanda, la madre de 51 a\u00f1os y su esposo han presentado una denuncia contra cinco de los compa\u00f1eros de clase de Marie y su escuela secundaria anterior.<br><\/p>\n\n\n\n<p>Por encima de todo, Mistre culpa a TikTok, diciendo que poner la aplicaci\u00f3n en manos de un adolescente emp\u00e1tico y sensible que no sabe lo que es real de lo que no es como una bomba de relojer\u00eda.<\/p>\n","protected":false},"excerpt":{"rendered":"<p>Acusan a la plataforma de no moderar el contenido da\u00f1ino y de exponer a los ni\u00f1os a material potencialmente mortal. Son al menos siete las familias en Francia que est\u00e1n planteando el demandar a la red social TikTok, acusan a la plataforma de no moderar el contenido da\u00f1ino y de exponer a los ni\u00f1os a [&hellip;]<\/p>\n","protected":false},"author":1,"featured_media":51117,"comment_status":"closed","ping_status":"closed","sticky":false,"template":"","format":"standard","meta":{"footnotes":""},"categories":[83,80],"tags":[],"class_list":["post-51116","post","type-post","status-publish","format-standard","has-post-thumbnail","hentry","category-destacado","category-mundo"],"_links":{"self":[{"href":"https:\/\/themexicopost.com\/index.php?rest_route=\/wp\/v2\/posts\/51116","targetHints":{"allow":["GET"]}}],"collection":[{"href":"https:\/\/themexicopost.com\/index.php?rest_route=\/wp\/v2\/posts"}],"about":[{"href":"https:\/\/themexicopost.com\/index.php?rest_route=\/wp\/v2\/types\/post"}],"author":[{"embeddable":true,"href":"https:\/\/themexicopost.com\/index.php?rest_route=\/wp\/v2\/users\/1"}],"replies":[{"embeddable":true,"href":"https:\/\/themexicopost.com\/index.php?rest_route=%2Fwp%2Fv2%2Fcomments&post=51116"}],"version-history":[{"count":1,"href":"https:\/\/themexicopost.com\/index.php?rest_route=\/wp\/v2\/posts\/51116\/revisions"}],"predecessor-version":[{"id":51118,"href":"https:\/\/themexicopost.com\/index.php?rest_route=\/wp\/v2\/posts\/51116\/revisions\/51118"}],"wp:featuredmedia":[{"embeddable":true,"href":"https:\/\/themexicopost.com\/index.php?rest_route=\/wp\/v2\/media\/51117"}],"wp:attachment":[{"href":"https:\/\/themexicopost.com\/index.php?rest_route=%2Fwp%2Fv2%2Fmedia&parent=51116"}],"wp:term":[{"taxonomy":"category","embeddable":true,"href":"https:\/\/themexicopost.com\/index.php?rest_route=%2Fwp%2Fv2%2Fcategories&post=51116"},{"taxonomy":"post_tag","embeddable":true,"href":"https:\/\/themexicopost.com\/index.php?rest_route=%2Fwp%2Fv2%2Ftags&post=51116"}],"curies":[{"name":"wp","href":"https:\/\/api.w.org\/{rel}","templated":true}]}}