{"id":51122,"date":"2025-01-24T13:51:48","date_gmt":"2025-01-24T13:51:48","guid":{"rendered":"https:\/\/themexicopost.com\/?p=51122"},"modified":"2025-01-24T13:55:44","modified_gmt":"2025-01-24T13:55:44","slug":"polemico-saludo-de-elon-musk-se-proyecta-en-tesla-alemania","status":"publish","type":"post","link":"https:\/\/themexicopost.com\/?p=51122","title":{"rendered":"Pol\u00e9mico saludo de Elon Musk se proyecta en Tesla Alemania"},"content":{"rendered":"\n<figure class=\"wp-block-pullquote\"><blockquote><p>El gesto realizado por el presidente de Tesla y SpaceX en la toma de poder de Donald Trump, gener\u00f3 comparaciones con el saludo nazi, afirmaci\u00f3n que Musk rechaza.<\/p><\/blockquote><\/figure>\n\n\n\n<p class=\"has-drop-cap\">Activistas proyectaron una imagen de Elon Musk saludando con su brazo levantado y la palabra &#8220;Heil&#8221; en el exterior de la f\u00e1brica de Tesla en Alemania.<br><\/p>\n\n\n\n<p>Este gesto realizado por el presidente de Tesla y SpaceX el lunes, d\u00eda de la toma de poder del presidente de Estados Unidos, Donald Trump, gener\u00f3 comparaciones con el saludo nazi, afirmaci\u00f3n que Musk rechaza.<br><\/p>\n\n\n\n<p>Activistas del grupo alem\u00e1n Center for Political Beauty y activistas brit\u00e1nicos del grupo Led by Donkeys compartieron en l\u00ednea im\u00e1genes y videos de la acci\u00f3n de protesta que dijeron haber llevado a cabo la noche del mi\u00e9rcoles.<br><\/p>\n\n\n\n<p>La palabra &#8220;Heil&#8221; se ve proyectada sobre la f\u00e1brica cerca de Berl\u00edn con la tipograf\u00eda del logo del fabricante de autom\u00f3viles, formando el mensaje &#8220;Heil Tesla&#8221;, en referencia al saludo nazi.<br><\/p>\n\n\n\n<p>Philipp Ruch, fundador del Center for Political Beauty, dijo que Musk hab\u00eda realizado un saludo similar al que los neonazis estadounidenses practicaron durante a\u00f1os.<br><\/p>\n\n\n\n<p>Musk tilda de trucos sucios y propaganda cualquier comparaci\u00f3n entre el saludo nazi y su gesto, que repiti\u00f3 y acompa\u00f1\u00f3 con las palabras mi coraz\u00f3n est\u00e1 con ustedes dirigido a la audiencia.<br><\/p>\n\n\n\n<p>Por su parte, un portavoz confirm\u00f3 que la polic\u00eda est\u00e1 investigando los hechos ocurridos en la planta alemana de Tesla.<br><\/p>\n\n\n\n<p>Seg\u00fan la valoraci\u00f3n legal de la fiscal\u00eda competente de Fr\u00e1ncfort del \u00d3der, la proyecci\u00f3n y la difusi\u00f3n de las im\u00e1genes en la red cumple los requisitos para que exista la sospecha al menos en fase preliminar de que se ha podido dar un delito de uso de organizaciones anticonstitucionales, se\u00f1al\u00f3.<br><\/p>\n\n\n\n<p>En Alemania est\u00e1 prohibida la realizaci\u00f3n p\u00fablica del saludo nazi, as\u00ed como el uso de s\u00edmbolos como la esv\u00e1stica o lemas como &#8220;Heil Hitler&#8221; con penas de multa o hasta tres a\u00f1os de c\u00e1rcel.<\/p>\n","protected":false},"excerpt":{"rendered":"<p>El gesto realizado por el presidente de Tesla y SpaceX en la toma de poder de Donald Trump, gener\u00f3 comparaciones con el saludo nazi, afirmaci\u00f3n que Musk rechaza. Activistas proyectaron una imagen de Elon Musk saludando con su brazo levantado y la palabra &#8220;Heil&#8221; en el exterior de la f\u00e1brica de Tesla en Alemania. Este [&hellip;]<\/p>\n","protected":false},"author":1,"featured_media":51123,"comment_status":"closed","ping_status":"closed","sticky":false,"template":"","format":"standard","meta":{"footnotes":""},"categories":[83,80],"tags":[],"class_list":["post-51122","post","type-post","status-publish","format-standard","has-post-thumbnail","hentry","category-destacado","category-mundo"],"_links":{"self":[{"href":"https:\/\/themexicopost.com\/index.php?rest_route=\/wp\/v2\/posts\/51122","targetHints":{"allow":["GET"]}}],"collection":[{"href":"https:\/\/themexicopost.com\/index.php?rest_route=\/wp\/v2\/posts"}],"about":[{"href":"https:\/\/themexicopost.com\/index.php?rest_route=\/wp\/v2\/types\/post"}],"author":[{"embeddable":true,"href":"https:\/\/themexicopost.com\/index.php?rest_route=\/wp\/v2\/users\/1"}],"replies":[{"embeddable":true,"href":"https:\/\/themexicopost.com\/index.php?rest_route=%2Fwp%2Fv2%2Fcomments&post=51122"}],"version-history":[{"count":2,"href":"https:\/\/themexicopost.com\/index.php?rest_route=\/wp\/v2\/posts\/51122\/revisions"}],"predecessor-version":[{"id":51129,"href":"https:\/\/themexicopost.com\/index.php?rest_route=\/wp\/v2\/posts\/51122\/revisions\/51129"}],"wp:featuredmedia":[{"embeddable":true,"href":"https:\/\/themexicopost.com\/index.php?rest_route=\/wp\/v2\/media\/51123"}],"wp:attachment":[{"href":"https:\/\/themexicopost.com\/index.php?rest_route=%2Fwp%2Fv2%2Fmedia&parent=51122"}],"wp:term":[{"taxonomy":"category","embeddable":true,"href":"https:\/\/themexicopost.com\/index.php?rest_route=%2Fwp%2Fv2%2Fcategories&post=51122"},{"taxonomy":"post_tag","embeddable":true,"href":"https:\/\/themexicopost.com\/index.php?rest_route=%2Fwp%2Fv2%2Ftags&post=51122"}],"curies":[{"name":"wp","href":"https:\/\/api.w.org\/{rel}","templated":true}]}}