{"id":51141,"date":"2025-01-24T14:08:35","date_gmt":"2025-01-24T14:08:35","guid":{"rendered":"https:\/\/themexicopost.com\/?p=51141"},"modified":"2025-01-24T14:08:38","modified_gmt":"2025-01-24T14:08:38","slug":"advierte-el-papa-francisco-sobre-la-crisis-de-la-verdad-a-causa-de-la-ia","status":"publish","type":"post","link":"https:\/\/themexicopost.com\/?p=51141","title":{"rendered":"Advierte el papa Francisco sobre la crisis de la verdad a causa de la IA"},"content":{"rendered":"\n<figure class=\"wp-block-pullquote\"><blockquote><p>El l\u00edder de la Iglesia se ha centrado en cuestiones \u00e9ticas que rodean la inteligencia artificial en los \u00faltimos a\u00f1os.<\/p><\/blockquote><\/figure>\n\n\n\n<p class=\"has-drop-cap\">El papa Francisco inst\u00f3 a los l\u00edderes pol\u00edticos, econ\u00f3micos y empresariales en el Foro Econ\u00f3mico Mundial (FEM) en Davos a mantener una estrecha supervisi\u00f3n del desarrollo de la inteligencia artificial, advirtiendo que la tecnolog\u00eda puede exacerbar una creciente \u201ccrisis de la verdad\u201d.<br><\/p>\n\n\n\n<p>En un mensaje escrito le\u00eddo en la reuni\u00f3n anual en la ciudad tur\u00edstica suiza, que este a\u00f1o se centra parcialmente en la IA, el Sumo Pont\u00edfice elogi\u00f3 las capacidades de la tecnolog\u00eda, pero dijo que tambi\u00e9n plantea preocupaciones cr\u00edticas sobre el futuro de la humanidad.<br><\/p>\n\n\n\n<p>Los resultados que puede producir la IA son casi indistinguibles de los de los seres humanos, lo que plantea interrogantes sobre su efecto en la creciente crisis de la verdad en el foro p\u00fablico.<br><\/p>\n\n\n\n<p>\u201cPara navegar por las complejidades de la IA, los gobiernos y las empresas deben ejercer la debida diligencia y vigilancia\u201d, dijo en la declaraci\u00f3n le\u00edda en su nombre en la reuni\u00f3n de Davos por el cardenal Peter Turkson, un funcionario del Vaticano.<br><\/p>\n\n\n\n<p>El l\u00edder de la Iglesia cat\u00f3lica de mil 400 millones de miembros desde 2013, se ha centrado en cuestiones \u00e9ticas que rodean la inteligencia artificial en los \u00faltimos a\u00f1os.<br><\/p>\n\n\n\n<p>Habl\u00f3 sobre la tecnolog\u00eda en la cumbre del Grupo de los Siete en Italia en junio pasado y dijo que la gente no deber\u00eda dejar que los algoritmos decidan su destino.<br><\/p>\n\n\n\n<p>El Papa tambi\u00e9n apareci\u00f3 en una foto viral ultrafalseada a principios de 2024, creada por un programa de generaci\u00f3n de im\u00e1genes, que parec\u00eda mostrarlo vistiendo un abrigo acolchado blanco hasta los tobillos.<\/p>\n","protected":false},"excerpt":{"rendered":"<p>El l\u00edder de la Iglesia se ha centrado en cuestiones \u00e9ticas que rodean la inteligencia artificial en los \u00faltimos a\u00f1os. El papa Francisco inst\u00f3 a los l\u00edderes pol\u00edticos, econ\u00f3micos y empresariales en el Foro Econ\u00f3mico Mundial (FEM) en Davos a mantener una estrecha supervisi\u00f3n del desarrollo de la inteligencia artificial, advirtiendo que la tecnolog\u00eda puede [&hellip;]<\/p>\n","protected":false},"author":1,"featured_media":51142,"comment_status":"closed","ping_status":"closed","sticky":false,"template":"","format":"standard","meta":{"footnotes":""},"categories":[83,80,85],"tags":[],"class_list":["post-51141","post","type-post","status-publish","format-standard","has-post-thumbnail","hentry","category-destacado","category-mundo","category-portada"],"_links":{"self":[{"href":"https:\/\/themexicopost.com\/index.php?rest_route=\/wp\/v2\/posts\/51141","targetHints":{"allow":["GET"]}}],"collection":[{"href":"https:\/\/themexicopost.com\/index.php?rest_route=\/wp\/v2\/posts"}],"about":[{"href":"https:\/\/themexicopost.com\/index.php?rest_route=\/wp\/v2\/types\/post"}],"author":[{"embeddable":true,"href":"https:\/\/themexicopost.com\/index.php?rest_route=\/wp\/v2\/users\/1"}],"replies":[{"embeddable":true,"href":"https:\/\/themexicopost.com\/index.php?rest_route=%2Fwp%2Fv2%2Fcomments&post=51141"}],"version-history":[{"count":1,"href":"https:\/\/themexicopost.com\/index.php?rest_route=\/wp\/v2\/posts\/51141\/revisions"}],"predecessor-version":[{"id":51143,"href":"https:\/\/themexicopost.com\/index.php?rest_route=\/wp\/v2\/posts\/51141\/revisions\/51143"}],"wp:featuredmedia":[{"embeddable":true,"href":"https:\/\/themexicopost.com\/index.php?rest_route=\/wp\/v2\/media\/51142"}],"wp:attachment":[{"href":"https:\/\/themexicopost.com\/index.php?rest_route=%2Fwp%2Fv2%2Fmedia&parent=51141"}],"wp:term":[{"taxonomy":"category","embeddable":true,"href":"https:\/\/themexicopost.com\/index.php?rest_route=%2Fwp%2Fv2%2Fcategories&post=51141"},{"taxonomy":"post_tag","embeddable":true,"href":"https:\/\/themexicopost.com\/index.php?rest_route=%2Fwp%2Fv2%2Ftags&post=51141"}],"curies":[{"name":"wp","href":"https:\/\/api.w.org\/{rel}","templated":true}]}}