{"id":51744,"date":"2025-01-30T13:40:53","date_gmt":"2025-01-30T13:40:53","guid":{"rendered":"https:\/\/themexicopost.com\/?p=51744"},"modified":"2025-01-30T13:45:20","modified_gmt":"2025-01-30T13:45:20","slug":"frustra-policia-de-australia-ataque-antisemita-con-explosivos","status":"publish","type":"post","link":"https:\/\/themexicopost.com\/?p=51744","title":{"rendered":"Frustra polic\u00eda de Australia ataque antisemita con explosivos"},"content":{"rendered":"\n<figure class=\"wp-block-pullquote\"><blockquote><p>La amenaza hab\u00eda sido completamente contenida y no hab\u00eda m\u00e1s riesgos para la comunidad jud\u00eda.<\/p><\/blockquote><\/figure>\n\n\n\n<p class=\"has-drop-cap\">La polic\u00eda australiana dijo que hab\u00eda frustrado un ataque antisemita planeado tras descubrir una caravana que conten\u00eda explosivos, en una escalada de amenazas contra la comunidad jud\u00eda que las autoridades calificaron de terrorismo.<br><\/p>\n\n\n\n<p>La caravana fue descubierta el 19 de enero en Dural, un suburbio a unos 36 kil\u00f3metros al noroeste del centro de S\u00eddney, dijo el subcomisionado de polic\u00eda de Nueva Gales del Sur, David Hudson, en una conferencia de prensa.<br><\/p>\n\n\n\n<p>&#8220;Esa caravana conten\u00eda una cantidad de explosivos y algunos indicios de que esos explosivos podr\u00edan usarse en alguna forma de ataque antisemita&#8221;, dijo en una conferencia de prensa.<br><\/p>\n\n\n\n<p>La amenaza hab\u00eda sido completamente contenida y no hab\u00eda m\u00e1s riesgos para la comunidad jud\u00eda, agreg\u00f3.<br><\/p>\n\n\n\n<p>Hudson dijo que se hab\u00edan realizado arrestos, pero no revel\u00f3 cu\u00e1ntos ni cu\u00e1les eran los cargos.<br><\/p>\n\n\n\n<p>El primer ministro de Nueva Gales del Sur, Chris Minns, dijo que m\u00e1s de 100 oficiales estaban investigando el incidente, en el marco de una operaci\u00f3n antiterrorista conjunta que involucra a la polic\u00eda estatal y federal. &#8220;Se trata del descubrimiento de un posible suceso con muchas v\u00edctimas. Solamente hay una forma de llamarlo terrorismo&#8221;, afirm\u00f3.<br><\/p>\n\n\n\n<p>Australia ha sufrido una serie de incidentes antisemitas en los \u00faltimos meses, con ataques a sinagogas, edificios y autom\u00f3viles desde el comienzo de la guerra entre Israel y Gaza a finales de 2023.<br><\/p>\n\n\n\n<p>El primer ministro Anthony Albanese, cuyo Partido Laborista de centroizquierda se enfrenta a la reelecci\u00f3n en unas elecciones que deben celebrarse en mayo, ha sido criticado por la oposici\u00f3n por el aumento de los incidentes antisemitas en el pa\u00eds.<br><\/p>\n\n\n\n<p>El gobierno dice que ha tomado medidas adicionales para proteger a la comunidad jud\u00eda, incluyendo m\u00e1s financiaci\u00f3n y un grupo de trabajo federal para investigar los incidentes antisemitas.<\/p>\n","protected":false},"excerpt":{"rendered":"<p>La amenaza hab\u00eda sido completamente contenida y no hab\u00eda m\u00e1s riesgos para la comunidad jud\u00eda. La polic\u00eda australiana dijo que hab\u00eda frustrado un ataque antisemita planeado tras descubrir una caravana que conten\u00eda explosivos, en una escalada de amenazas contra la comunidad jud\u00eda que las autoridades calificaron de terrorismo. La caravana fue descubierta el 19 de [&hellip;]<\/p>\n","protected":false},"author":1,"featured_media":51745,"comment_status":"closed","ping_status":"closed","sticky":false,"template":"","format":"standard","meta":{"footnotes":""},"categories":[83,80],"tags":[],"class_list":["post-51744","post","type-post","status-publish","format-standard","has-post-thumbnail","hentry","category-destacado","category-mundo"],"_links":{"self":[{"href":"https:\/\/themexicopost.com\/index.php?rest_route=\/wp\/v2\/posts\/51744","targetHints":{"allow":["GET"]}}],"collection":[{"href":"https:\/\/themexicopost.com\/index.php?rest_route=\/wp\/v2\/posts"}],"about":[{"href":"https:\/\/themexicopost.com\/index.php?rest_route=\/wp\/v2\/types\/post"}],"author":[{"embeddable":true,"href":"https:\/\/themexicopost.com\/index.php?rest_route=\/wp\/v2\/users\/1"}],"replies":[{"embeddable":true,"href":"https:\/\/themexicopost.com\/index.php?rest_route=%2Fwp%2Fv2%2Fcomments&post=51744"}],"version-history":[{"count":2,"href":"https:\/\/themexicopost.com\/index.php?rest_route=\/wp\/v2\/posts\/51744\/revisions"}],"predecessor-version":[{"id":51748,"href":"https:\/\/themexicopost.com\/index.php?rest_route=\/wp\/v2\/posts\/51744\/revisions\/51748"}],"wp:featuredmedia":[{"embeddable":true,"href":"https:\/\/themexicopost.com\/index.php?rest_route=\/wp\/v2\/media\/51745"}],"wp:attachment":[{"href":"https:\/\/themexicopost.com\/index.php?rest_route=%2Fwp%2Fv2%2Fmedia&parent=51744"}],"wp:term":[{"taxonomy":"category","embeddable":true,"href":"https:\/\/themexicopost.com\/index.php?rest_route=%2Fwp%2Fv2%2Fcategories&post=51744"},{"taxonomy":"post_tag","embeddable":true,"href":"https:\/\/themexicopost.com\/index.php?rest_route=%2Fwp%2Fv2%2Ftags&post=51744"}],"curies":[{"name":"wp","href":"https:\/\/api.w.org\/{rel}","templated":true}]}}