{"id":51833,"date":"2025-01-31T13:09:53","date_gmt":"2025-01-31T13:09:53","guid":{"rendered":"https:\/\/themexicopost.com\/?p=51833"},"modified":"2025-01-31T13:09:54","modified_gmt":"2025-01-31T13:09:54","slug":"se-reunen-delfina-gomez-y-la-presidenta-claudia-sheinbaum-con-alcaldes-del-edomex","status":"publish","type":"post","link":"https:\/\/themexicopost.com\/?p=51833","title":{"rendered":"Se re\u00fanen Delfina G\u00f3mez y la presidenta Claudia Sheinbaum con alcaldes del Edom\u00e9x"},"content":{"rendered":"\n<figure class=\"wp-block-pullquote\"><blockquote><p>Forma parte del trabajo interinstitucional para hacer justicia social a los habitantes de esta zona de la entidad.<\/p><\/blockquote><\/figure>\n\n\n\n<p class=\"has-drop-cap\">La Gobernadora del Estado de M\u00e9xico, Delfina G\u00f3mez \u00c1lvarez, se reuni\u00f3 con la Presidenta Claudia Sheinbaum Pardo y alcaldes de la zona oriente de la entidad, para revisar el Plan Maestro de rescate a esta regi\u00f3n.<br><\/p>\n\n\n\n<p>\u201c\u00a1Trabajamos por la Zona Oriente del Edom\u00e9x! Agradezco a la Presidenta, la Doctora Claudia Sheinbaum, por recibirnos esta ma\u00f1ana en Palacio Nacional con Presidentas y Presidentes municipales del Oriente del Estado de M\u00e9xico para revisar el Plan Maestro para esta zona. Unidas haremos justicia social al oriente de nuestra entidad\u201d, comparti\u00f3 la Gobernadora Delfina G\u00f3mez \u00c1lvarez.<br><\/p>\n\n\n\n<p>El encuentro tuvo como sede las instalaciones de Palacio Nacional, donde se abordaron temas abatir el rezago hist\u00f3rico de esta regi\u00f3n en materia de transporte p\u00fablico, movilidad, vivienda y agua.<\/p>\n","protected":false},"excerpt":{"rendered":"<p>Forma parte del trabajo interinstitucional para hacer justicia social a los habitantes de esta zona de la entidad. La Gobernadora del Estado de M\u00e9xico, Delfina G\u00f3mez \u00c1lvarez, se reuni\u00f3 con la Presidenta Claudia Sheinbaum Pardo y alcaldes de la zona oriente de la entidad, para revisar el Plan Maestro de rescate a esta regi\u00f3n. \u201c\u00a1Trabajamos [&hellip;]<\/p>\n","protected":false},"author":1,"featured_media":51834,"comment_status":"closed","ping_status":"closed","sticky":false,"template":"","format":"standard","meta":{"footnotes":""},"categories":[83,81],"tags":[],"class_list":["post-51833","post","type-post","status-publish","format-standard","has-post-thumbnail","hentry","category-destacado","category-nacional"],"_links":{"self":[{"href":"https:\/\/themexicopost.com\/index.php?rest_route=\/wp\/v2\/posts\/51833","targetHints":{"allow":["GET"]}}],"collection":[{"href":"https:\/\/themexicopost.com\/index.php?rest_route=\/wp\/v2\/posts"}],"about":[{"href":"https:\/\/themexicopost.com\/index.php?rest_route=\/wp\/v2\/types\/post"}],"author":[{"embeddable":true,"href":"https:\/\/themexicopost.com\/index.php?rest_route=\/wp\/v2\/users\/1"}],"replies":[{"embeddable":true,"href":"https:\/\/themexicopost.com\/index.php?rest_route=%2Fwp%2Fv2%2Fcomments&post=51833"}],"version-history":[{"count":1,"href":"https:\/\/themexicopost.com\/index.php?rest_route=\/wp\/v2\/posts\/51833\/revisions"}],"predecessor-version":[{"id":51835,"href":"https:\/\/themexicopost.com\/index.php?rest_route=\/wp\/v2\/posts\/51833\/revisions\/51835"}],"wp:featuredmedia":[{"embeddable":true,"href":"https:\/\/themexicopost.com\/index.php?rest_route=\/wp\/v2\/media\/51834"}],"wp:attachment":[{"href":"https:\/\/themexicopost.com\/index.php?rest_route=%2Fwp%2Fv2%2Fmedia&parent=51833"}],"wp:term":[{"taxonomy":"category","embeddable":true,"href":"https:\/\/themexicopost.com\/index.php?rest_route=%2Fwp%2Fv2%2Fcategories&post=51833"},{"taxonomy":"post_tag","embeddable":true,"href":"https:\/\/themexicopost.com\/index.php?rest_route=%2Fwp%2Fv2%2Ftags&post=51833"}],"curies":[{"name":"wp","href":"https:\/\/api.w.org\/{rel}","templated":true}]}}