{"id":51836,"date":"2025-01-31T13:13:45","date_gmt":"2025-01-31T13:13:45","guid":{"rendered":"https:\/\/themexicopost.com\/?p=51836"},"modified":"2025-01-31T13:13:47","modified_gmt":"2025-01-31T13:13:47","slug":"ordenan-buscar-a-estudiantes-participantes-en-protestas-universitarias-propalestinas","status":"publish","type":"post","link":"https:\/\/themexicopost.com\/?p=51836","title":{"rendered":"Ordenan buscar a estudiantes participantes en protestas universitarias propalestinas"},"content":{"rendered":"\n<figure class=\"wp-block-pullquote\"><blockquote><p>Aunque el documento asume que los manifestantes cometieron actos antisemitas, estos han negado que sus protestas tuvieran esa intenci\u00f3n o que apoyaran de alguna forma a Ham\u00e1s<\/p><\/blockquote><\/figure>\n\n\n\n<p class=\"has-drop-cap\">El presidente de Estados Unidos, Donald Trump, firm\u00f3 una orden ejecutiva para identificar a los estudiantes extranjeros y al profesorado que participaron en las protestas universitarias propalestinas con el fin de deportarlos.<br><\/p>\n\n\n\n<p>El documento instruye a los secretarios de Estado, Educaci\u00f3n y Seguridad Nacional a solicitar a las universidades estadounidenses que vigilen e informen sobre actividades de estudiantes y profesores extranjeros que puedan ser consideradas antisemitas, con el fin de tomar medidas conforme a la ley y, si procede, actuar para expulsarlos del pa\u00eds.<br><\/p>\n\n\n\n<p>La orden establece varias disposiciones en materia de antisemitismo, pero pone el foco especialmente en las protestas que estallaron en abril de 2024 en campus de todo Estados Unidos contra la guerra en Gaza y el apoyo de Washington a Israel, que se prolongaron durante unos tres meses y dejaron un saldo de unos 3.100 detenidos.<br><\/p>\n\n\n\n<p>Trump subraya que decidi\u00f3 firmar esta orden ejecutiva sobre antisemitismo tras regresar a la Casa Blanca el 20 de enero, al constatar que &#8220;los estudiantes jud\u00edos, en particular, enfrentaron acoso antisemita en escuelas y en campus universitarios&#8221;.<br><\/p>\n\n\n\n<p>Aunque el documento asume que los manifestantes cometieron actos antisemitas, estos han negado que sus protestas tuvieran esa intenci\u00f3n o que apoyaran de alguna forma a Ham\u00e1s, y sostienen que se manifestaban contra la ofensiva militar israel\u00ed en Gaza, que ha dejado m\u00e1s de 47 mil muertos.<br><\/p>\n\n\n\n<p>Consejo de Relaciones Isl\u00e1mico-Estadounidenses (CAIR), una de las principales organizaciones del pa\u00eds en defensa de los derechos de los musulmanes, advirti\u00f3 que si la orden se implementa la impugnar\u00e1 en los tribunales.<\/p>\n","protected":false},"excerpt":{"rendered":"<p>Aunque el documento asume que los manifestantes cometieron actos antisemitas, estos han negado que sus protestas tuvieran esa intenci\u00f3n o que apoyaran de alguna forma a Ham\u00e1s El presidente de Estados Unidos, Donald Trump, firm\u00f3 una orden ejecutiva para identificar a los estudiantes extranjeros y al profesorado que participaron en las protestas universitarias propalestinas con [&hellip;]<\/p>\n","protected":false},"author":1,"featured_media":51837,"comment_status":"closed","ping_status":"closed","sticky":false,"template":"","format":"standard","meta":{"footnotes":""},"categories":[80],"tags":[],"class_list":["post-51836","post","type-post","status-publish","format-standard","has-post-thumbnail","hentry","category-mundo"],"_links":{"self":[{"href":"https:\/\/themexicopost.com\/index.php?rest_route=\/wp\/v2\/posts\/51836","targetHints":{"allow":["GET"]}}],"collection":[{"href":"https:\/\/themexicopost.com\/index.php?rest_route=\/wp\/v2\/posts"}],"about":[{"href":"https:\/\/themexicopost.com\/index.php?rest_route=\/wp\/v2\/types\/post"}],"author":[{"embeddable":true,"href":"https:\/\/themexicopost.com\/index.php?rest_route=\/wp\/v2\/users\/1"}],"replies":[{"embeddable":true,"href":"https:\/\/themexicopost.com\/index.php?rest_route=%2Fwp%2Fv2%2Fcomments&post=51836"}],"version-history":[{"count":1,"href":"https:\/\/themexicopost.com\/index.php?rest_route=\/wp\/v2\/posts\/51836\/revisions"}],"predecessor-version":[{"id":51838,"href":"https:\/\/themexicopost.com\/index.php?rest_route=\/wp\/v2\/posts\/51836\/revisions\/51838"}],"wp:featuredmedia":[{"embeddable":true,"href":"https:\/\/themexicopost.com\/index.php?rest_route=\/wp\/v2\/media\/51837"}],"wp:attachment":[{"href":"https:\/\/themexicopost.com\/index.php?rest_route=%2Fwp%2Fv2%2Fmedia&parent=51836"}],"wp:term":[{"taxonomy":"category","embeddable":true,"href":"https:\/\/themexicopost.com\/index.php?rest_route=%2Fwp%2Fv2%2Fcategories&post=51836"},{"taxonomy":"post_tag","embeddable":true,"href":"https:\/\/themexicopost.com\/index.php?rest_route=%2Fwp%2Fv2%2Ftags&post=51836"}],"curies":[{"name":"wp","href":"https:\/\/api.w.org\/{rel}","templated":true}]}}