{"id":51839,"date":"2025-01-31T13:19:15","date_gmt":"2025-01-31T13:19:15","guid":{"rendered":"https:\/\/themexicopost.com\/?p=51839"},"modified":"2025-01-31T13:19:18","modified_gmt":"2025-01-31T13:19:18","slug":"inconstitucional-prohibir-venta-de-armas-a-menores-de-21-anos-en-estados-unidos","status":"publish","type":"post","link":"https:\/\/themexicopost.com\/?p=51839","title":{"rendered":"Inconstitucional prohibir venta de armas a menores de 21 a\u00f1os en Estados Unidos"},"content":{"rendered":"\n<figure class=\"wp-block-pullquote\"><blockquote><p>La prohibici\u00f3n federal de las ventas a personas menores de 21 a\u00f1os fue adoptada por primera vez por el Congreso en 1968 como parte de la Ley \u00d3mnibus de Control del Crimen y Calles Seguras.<\/p><\/blockquote><\/figure>\n\n\n\n<p class=\"has-drop-cap\">Una prohibici\u00f3n del gobierno estadounidense que data de hace d\u00e9cadas a los comerciantes de armas con licencia federal que venden pistolas a adultos menores de 21 a\u00f1os es inconstitucional, dictamin\u00f3 el jueves un tribunal de apelaciones de Estados Unidos, citando recientes fallos de la Corte Suprema de Estados Unidos que ampl\u00edan los derechos de armas.<br><\/p>\n\n\n\n<p>El fallo, abre nueva pesta\u00f1a, del Tribunal de Apelaciones del Quinto Circuito de Estados Unidos con sede en Nueva Orleans marc\u00f3 la primera vez que un tribunal de apelaciones federal sostiene que la prohibici\u00f3n viola el derecho a poseer y portar armas consagrado en la Segunda Enmienda de la Constituci\u00f3n de Estados Unidos.<br><\/p>\n\n\n\n<p>El tribunal de apelaciones hab\u00eda confirmado previamente esa misma prohibici\u00f3n en 2012. Pero eso fue antes de que la Corte Suprema de Estados Unidos, con mayor\u00eda conservadora de 6 a 3, dictara un fallo hist\u00f3rico en 2022 que establec\u00eda una nueva prueba para evaluar las leyes modernas sobre armas de fuego.<br><\/p>\n\n\n\n<p>En el caso de la Asociaci\u00f3n de Rifles y Pistolas del Estado de Nueva York contra Bruen, la Corte Suprema sostuvo que las restricciones modernas a las armas deb\u00edan ser coherentes con la tradici\u00f3n hist\u00f3rica de regulaci\u00f3n de armas de fuego de esta naci\u00f3n.<br><\/p>\n\n\n\n<p>La prohibici\u00f3n federal de las ventas a personas menores de 21 a\u00f1os fue adoptada por primera vez por el Congreso en 1968 como parte de la Ley \u00d3mnibus de Control del Crimen y Calles Seguras.<br><\/p>\n\n\n\n<p>Un grupo de personas de entre 18 y 20 a\u00f1os, junto con los grupos de derechos de armas Firearms Policy Coalition y Second Amendment Foundation, desafiaron la prohibici\u00f3n en 2020 y estaban apelando la decisi\u00f3n de un juez de un tribunal inferior que confirmaba los estatutos.<br><\/p>\n\n\n\n<p>La jueza de circuito de EE. UU. Edith Jones, que escribi\u00f3 para el panel de tres jueces del jueves, dijo que esa decisi\u00f3n era incorrecta, ya que los estatutos eran inconstitucionales a la luz de la tradici\u00f3n hist\u00f3rica de regulaci\u00f3n de armas de fuego de nuestra naci\u00f3n.<br><\/p>\n\n\n\n<p>El Departamento de Justicia de EE. UU. durante el mandato del expresidente dem\u00f3crata Joe Biden hab\u00eda defendido la prohibici\u00f3n. Pero Jones dijo que present\u00f3 escasas pruebas para demostrar que los derechos de armas de los adultos de 18 a 20 a\u00f1os estaban restringidos de manera similar durante la era de la fundaci\u00f3n de la naci\u00f3n en el siglo XVIII.<br><\/p>\n\n\n\n<p>&#8220;En \u00faltima instancia, el texto de la Segunda Enmienda incluye a los individuos de entre dieciocho y veinte a\u00f1os entre &#8220;las personas&#8221; cuyo derecho a poseer y portar armas est\u00e1 protegido&#8221;, escribi\u00f3 Jones, quien, al igual que los otros miembros del panel, fue designado por un presidente republicano.<br><\/p>\n\n\n\n<p>Brandon Combs, presidente de la Coalici\u00f3n de Pol\u00edtica de Armas de Fuego, en una declaraci\u00f3n calific\u00f3 el fallo como una victoria contra &#8220;una prohibici\u00f3n de armas basada en la edad, inmoral e inconstitucional&#8221;.<br><\/p>\n\n\n\n<p>El Departamento de Justicia no respondi\u00f3 a una solicitud de comentarios.<\/p>\n","protected":false},"excerpt":{"rendered":"<p>La prohibici\u00f3n federal de las ventas a personas menores de 21 a\u00f1os fue adoptada por primera vez por el Congreso en 1968 como parte de la Ley \u00d3mnibus de Control del Crimen y Calles Seguras. Una prohibici\u00f3n del gobierno estadounidense que data de hace d\u00e9cadas a los comerciantes de armas con licencia federal que venden [&hellip;]<\/p>\n","protected":false},"author":1,"featured_media":51840,"comment_status":"closed","ping_status":"closed","sticky":false,"template":"","format":"standard","meta":{"footnotes":""},"categories":[83,80],"tags":[],"class_list":["post-51839","post","type-post","status-publish","format-standard","has-post-thumbnail","hentry","category-destacado","category-mundo"],"_links":{"self":[{"href":"https:\/\/themexicopost.com\/index.php?rest_route=\/wp\/v2\/posts\/51839","targetHints":{"allow":["GET"]}}],"collection":[{"href":"https:\/\/themexicopost.com\/index.php?rest_route=\/wp\/v2\/posts"}],"about":[{"href":"https:\/\/themexicopost.com\/index.php?rest_route=\/wp\/v2\/types\/post"}],"author":[{"embeddable":true,"href":"https:\/\/themexicopost.com\/index.php?rest_route=\/wp\/v2\/users\/1"}],"replies":[{"embeddable":true,"href":"https:\/\/themexicopost.com\/index.php?rest_route=%2Fwp%2Fv2%2Fcomments&post=51839"}],"version-history":[{"count":1,"href":"https:\/\/themexicopost.com\/index.php?rest_route=\/wp\/v2\/posts\/51839\/revisions"}],"predecessor-version":[{"id":51841,"href":"https:\/\/themexicopost.com\/index.php?rest_route=\/wp\/v2\/posts\/51839\/revisions\/51841"}],"wp:featuredmedia":[{"embeddable":true,"href":"https:\/\/themexicopost.com\/index.php?rest_route=\/wp\/v2\/media\/51840"}],"wp:attachment":[{"href":"https:\/\/themexicopost.com\/index.php?rest_route=%2Fwp%2Fv2%2Fmedia&parent=51839"}],"wp:term":[{"taxonomy":"category","embeddable":true,"href":"https:\/\/themexicopost.com\/index.php?rest_route=%2Fwp%2Fv2%2Fcategories&post=51839"},{"taxonomy":"post_tag","embeddable":true,"href":"https:\/\/themexicopost.com\/index.php?rest_route=%2Fwp%2Fv2%2Ftags&post=51839"}],"curies":[{"name":"wp","href":"https:\/\/api.w.org\/{rel}","templated":true}]}}