{"id":51842,"date":"2025-01-31T13:20:54","date_gmt":"2025-01-31T13:20:54","guid":{"rendered":"https:\/\/themexicopost.com\/?p=51842"},"modified":"2025-01-31T13:20:56","modified_gmt":"2025-01-31T13:20:56","slug":"fueron-expulsadas-monjas-de-conventos-en-nicaragua","status":"publish","type":"post","link":"https:\/\/themexicopost.com\/?p=51842","title":{"rendered":"Fueron expulsadas monjas de conventos en Nicaragua"},"content":{"rendered":"\n<figure class=\"wp-block-pullquote\"><blockquote><p>Denunciaron que las monjas fueron desalojadas por la noche.<\/p><\/blockquote><\/figure>\n\n\n\n<p class=\"has-drop-cap\">En Nicaragua fueron expulsadas 30 monjas de tres conventos de la Orden de Sta Clara, as\u00ed lo dio a conocer medios nicarag\u00fcenses en el exilio.<br><\/p>\n\n\n\n<p>El pa\u00eds est\u00e1 sumido en una represi\u00f3n y persecuci\u00f3n en contra de las \u00f3rdenes religiosas por parte del gobierno de Daniel Ortega. En esta ocasi\u00f3n denunciaron que las monjas fueron desalojadas por la noche.<br><\/p>\n\n\n\n<p>Medios exiliados mencionaron que la dictadura sandinista \u00fanicamente les notifico que deb\u00edan abandonar sus propiedades, dej\u00e1ndolas solo sacar algunas pocas pertenencias<br><\/p>\n\n\n\n<figure class=\"wp-block-image size-large\"><img fetchpriority=\"high\" decoding=\"async\" width=\"1024\" height=\"684\" src=\"https:\/\/themexicopost.com\/wp-content\/uploads\/2025\/01\/fueron-2-1024x684.jpg\" alt=\"\" class=\"wp-image-51844\" srcset=\"https:\/\/themexicopost.com\/wp-content\/uploads\/2025\/01\/fueron-2-1024x684.jpg 1024w, https:\/\/themexicopost.com\/wp-content\/uploads\/2025\/01\/fueron-2-300x201.jpg 300w, https:\/\/themexicopost.com\/wp-content\/uploads\/2025\/01\/fueron-2-768x513.jpg 768w, https:\/\/themexicopost.com\/wp-content\/uploads\/2025\/01\/fueron-2-330x220.jpg 330w, https:\/\/themexicopost.com\/wp-content\/uploads\/2025\/01\/fueron-2-420x280.jpg 420w, https:\/\/themexicopost.com\/wp-content\/uploads\/2025\/01\/fueron-2-615x410.jpg 615w, https:\/\/themexicopost.com\/wp-content\/uploads\/2025\/01\/fueron-2-860x575.jpg 860w, https:\/\/themexicopost.com\/wp-content\/uploads\/2025\/01\/fueron-2.jpg 1200w\" sizes=\"(max-width: 1024px) 100vw, 1024px\" \/><\/figure>\n\n\n\n<p>escribi\u00f3 en la red X la activista, exiliada en Estados Unidos.Los conventos de donde fueron expulsadas las monjas se encontraban en Managua, Matagalpa y Chinandega. En 2004 en Nicaragua se estableci\u00f3 de manera legal la orden de Sta Clara, sin embargo en 2023 fue cancelada por el gobierno junto a otras ONG ligadas a la Iglesia.<br><\/p>\n\n\n\n<p>Daniel Ortega y su esposa y vicepresidenta Rosario Murillo han lanzado m\u00faltiples denunciadas contra la iglesia, de haber apoyado las protestas en su contra y que dejaron m\u00e1s de 300 muertos, como lo dio a conocer la ONU.<br><\/p>\n\n\n\n<p>La reforma constitucional aprobada a fines del a\u00f1o pasado, entrar\u00e1 en vigencia en los pr\u00f3ximos d\u00edas y da poder absoluto a Ortega y Murillo, estableciendo que el estado vigilar\u00e1&#8221; a la prensa y a la Iglesia para que no respondan a intereses extranjeros.<\/p>\n","protected":false},"excerpt":{"rendered":"<p>Denunciaron que las monjas fueron desalojadas por la noche. En Nicaragua fueron expulsadas 30 monjas de tres conventos de la Orden de Sta Clara, as\u00ed lo dio a conocer medios nicarag\u00fcenses en el exilio. El pa\u00eds est\u00e1 sumido en una represi\u00f3n y persecuci\u00f3n en contra de las \u00f3rdenes religiosas por parte del gobierno de Daniel [&hellip;]<\/p>\n","protected":false},"author":1,"featured_media":51843,"comment_status":"closed","ping_status":"closed","sticky":false,"template":"","format":"standard","meta":{"footnotes":""},"categories":[80],"tags":[],"class_list":["post-51842","post","type-post","status-publish","format-standard","has-post-thumbnail","hentry","category-mundo"],"_links":{"self":[{"href":"https:\/\/themexicopost.com\/index.php?rest_route=\/wp\/v2\/posts\/51842","targetHints":{"allow":["GET"]}}],"collection":[{"href":"https:\/\/themexicopost.com\/index.php?rest_route=\/wp\/v2\/posts"}],"about":[{"href":"https:\/\/themexicopost.com\/index.php?rest_route=\/wp\/v2\/types\/post"}],"author":[{"embeddable":true,"href":"https:\/\/themexicopost.com\/index.php?rest_route=\/wp\/v2\/users\/1"}],"replies":[{"embeddable":true,"href":"https:\/\/themexicopost.com\/index.php?rest_route=%2Fwp%2Fv2%2Fcomments&post=51842"}],"version-history":[{"count":1,"href":"https:\/\/themexicopost.com\/index.php?rest_route=\/wp\/v2\/posts\/51842\/revisions"}],"predecessor-version":[{"id":51845,"href":"https:\/\/themexicopost.com\/index.php?rest_route=\/wp\/v2\/posts\/51842\/revisions\/51845"}],"wp:featuredmedia":[{"embeddable":true,"href":"https:\/\/themexicopost.com\/index.php?rest_route=\/wp\/v2\/media\/51843"}],"wp:attachment":[{"href":"https:\/\/themexicopost.com\/index.php?rest_route=%2Fwp%2Fv2%2Fmedia&parent=51842"}],"wp:term":[{"taxonomy":"category","embeddable":true,"href":"https:\/\/themexicopost.com\/index.php?rest_route=%2Fwp%2Fv2%2Fcategories&post=51842"},{"taxonomy":"post_tag","embeddable":true,"href":"https:\/\/themexicopost.com\/index.php?rest_route=%2Fwp%2Fv2%2Ftags&post=51842"}],"curies":[{"name":"wp","href":"https:\/\/api.w.org\/{rel}","templated":true}]}}