{"id":51849,"date":"2025-01-31T13:23:22","date_gmt":"2025-01-31T13:23:22","guid":{"rendered":"https:\/\/themexicopost.com\/?p=51849"},"modified":"2025-01-31T13:23:24","modified_gmt":"2025-01-31T13:23:24","slug":"judios-en-australia-ocultan-su-identidad-tras-ataques-antisemitas","status":"publish","type":"post","link":"https:\/\/themexicopost.com\/?p=51849","title":{"rendered":"Jud\u00edos en Australia ocultan su identidad tras ataques antisemitas"},"content":{"rendered":"\n<figure class=\"wp-block-pullquote\"><blockquote><p>El jueves temprano se pintaron grafitis antisemitas en tres lugares, incluido el Mount Sinai College, en el este de la ciudad.<\/p><\/blockquote><\/figure>\n\n\n\n<p class=\"has-drop-cap\">Los estudiantes jud\u00edos de S\u00eddney volvieron a la escuela con una mayor presencia de seguridad, d\u00edas despu\u00e9s de que la polic\u00eda dijera que frustr\u00f3 un ataque antisemita planeado en la ciudad utilizando un remolque lleno de explosivos.<br><\/p>\n\n\n\n<p>Una serie de ataques en los \u00faltimos meses han alarmado a los jud\u00edos del pa\u00eds, han generado cr\u00edticas de Israel y han presionado al gobierno del primer ministro Anthony Albanese, que se enfrenta a la reelecci\u00f3n en unas elecciones que deben celebrarse en mayo.<br><\/p>\n\n\n\n<p>El jueves temprano se pintaron grafitis antisemitas en tres lugares, incluido el Mount Sinai College, en el este de la ciudad, uno de los casi doce incidentes en la ciudad en los \u00faltimos meses que, seg\u00fan la polic\u00eda, parec\u00edan estar coordinados.<br><\/p>\n\n\n\n<p>Los estudiantes volvieron despu\u00e9s de las vacaciones de verano de Australia, con polic\u00edas y seguridad privada apostados fuera del edificio.<br><\/p>\n\n\n\n<p>&#8220;Estamos muy agradecidos de que la polic\u00eda est\u00e9 aqu\u00ed y nos proteja&#8221;, dijo Gina Ferrer, una madre que dej\u00f3 a su hijo en la escuela. &#8220;Amo este pa\u00eds, creo que es el mejor pa\u00eds del mundo, pero por primera vez en mi vida me siento realmente defraudado por Australia&#8221;.<br><\/p>\n\n\n\n<p>Matt Thistlethwaite, legislador federal de la zona que tiene una gran poblaci\u00f3n jud\u00eda, dijo que hab\u00eda estado trabajando con la polic\u00eda local para aumentar las patrullas en la zona.<br><\/p>\n\n\n\n<p>Australia ha estado lidiando con una serie de ataques antisemitas contra sinagogas, edificios y autom\u00f3viles desde el comienzo de la guerra entre Israel y Gaza a fines de 2023.<\/p>\n","protected":false},"excerpt":{"rendered":"<p>El jueves temprano se pintaron grafitis antisemitas en tres lugares, incluido el Mount Sinai College, en el este de la ciudad. Los estudiantes jud\u00edos de S\u00eddney volvieron a la escuela con una mayor presencia de seguridad, d\u00edas despu\u00e9s de que la polic\u00eda dijera que frustr\u00f3 un ataque antisemita planeado en la ciudad utilizando un remolque [&hellip;]<\/p>\n","protected":false},"author":1,"featured_media":51850,"comment_status":"closed","ping_status":"closed","sticky":false,"template":"","format":"standard","meta":{"footnotes":""},"categories":[80],"tags":[],"class_list":["post-51849","post","type-post","status-publish","format-standard","has-post-thumbnail","hentry","category-mundo"],"_links":{"self":[{"href":"https:\/\/themexicopost.com\/index.php?rest_route=\/wp\/v2\/posts\/51849","targetHints":{"allow":["GET"]}}],"collection":[{"href":"https:\/\/themexicopost.com\/index.php?rest_route=\/wp\/v2\/posts"}],"about":[{"href":"https:\/\/themexicopost.com\/index.php?rest_route=\/wp\/v2\/types\/post"}],"author":[{"embeddable":true,"href":"https:\/\/themexicopost.com\/index.php?rest_route=\/wp\/v2\/users\/1"}],"replies":[{"embeddable":true,"href":"https:\/\/themexicopost.com\/index.php?rest_route=%2Fwp%2Fv2%2Fcomments&post=51849"}],"version-history":[{"count":1,"href":"https:\/\/themexicopost.com\/index.php?rest_route=\/wp\/v2\/posts\/51849\/revisions"}],"predecessor-version":[{"id":51851,"href":"https:\/\/themexicopost.com\/index.php?rest_route=\/wp\/v2\/posts\/51849\/revisions\/51851"}],"wp:featuredmedia":[{"embeddable":true,"href":"https:\/\/themexicopost.com\/index.php?rest_route=\/wp\/v2\/media\/51850"}],"wp:attachment":[{"href":"https:\/\/themexicopost.com\/index.php?rest_route=%2Fwp%2Fv2%2Fmedia&parent=51849"}],"wp:term":[{"taxonomy":"category","embeddable":true,"href":"https:\/\/themexicopost.com\/index.php?rest_route=%2Fwp%2Fv2%2Fcategories&post=51849"},{"taxonomy":"post_tag","embeddable":true,"href":"https:\/\/themexicopost.com\/index.php?rest_route=%2Fwp%2Fv2%2Ftags&post=51849"}],"curies":[{"name":"wp","href":"https:\/\/api.w.org\/{rel}","templated":true}]}}