{"id":51874,"date":"2025-01-31T13:49:53","date_gmt":"2025-01-31T13:49:53","guid":{"rendered":"https:\/\/themexicopost.com\/?p=51874"},"modified":"2025-01-31T13:49:56","modified_gmt":"2025-01-31T13:49:56","slug":"activista-iraqui-es-abatido-en-suecia-se-dedicaba-a-quemar-el-coran","status":"publish","type":"post","link":"https:\/\/themexicopost.com\/?p=51874","title":{"rendered":"Activista iraqu\u00ed es abatido en Suecia; se dedicaba a quemar el Cor\u00e1n"},"content":{"rendered":"\n<figure class=\"wp-block-pullquote\"><blockquote><p>Salwan Momika, de 38 a\u00f1os, recibi\u00f3 un disparo en una vivienda de Sodertalje, a las afueras de Estocolmo<\/p><\/blockquote><\/figure>\n\n\n\n<p class=\"has-drop-cap\">El activista iraqu\u00ed Salwan Momika, investigado en Suecia por la quema de ejemplares del Cor\u00e1n, ha muerto asesinado a tiros en una vivienda de las afueras de Estocolmo, tras conocerse el resultado de un juicio por presunta incitaci\u00f3n al odio.<br><\/p>\n\n\n\n<p>La Polic\u00eda sueca ha confirmado que a las 23:00 horas locales recibieron el aviso de un posible incidente en una vivienda de la localidad de Sodertalje. A su llegada, se encontraron con un hombre adulto que hab\u00eda recibido un disparo, por lo que los servicios de emergencia procedieron a trasladarlo al hospital.<br><\/p>\n\n\n\n<p>Investigaciones posteriores han permitido determinar que se trata de Momika, de 38 a\u00f1os, seg\u00fan fuentes citadas por el diario \u2018Expressen\u2018 y la cadena SVT, que apuntan adem\u00e1s a que el ahora fallecido hab\u00eda realizado una transmisi\u00f3n en directo en su cuenta de TikTok poco antes del suceso.<br><\/p>\n\n\n\n<p>Las autoridades examinan los hechos como un caso de asesinato y han detenido ya a cinco personas, sin que est\u00e9 claro por el momento cu\u00e1l podr\u00eda ser su grado de responsabilidad en el crimen.<br><\/p>\n\n\n\n<p>Salwan Momika hab\u00eda llegado a Suecia desde Irak en el a\u00f1o 2018 y obtuvo permisos de residencia que pudo ir prolongando. En verano de 2023, en pleno proceso de adhesi\u00f3n de Suecia a la OTAN, adquiri\u00f3 especial protagonismo por quemar ejemplares del Cor\u00e1n para protestar contra el Islam, lo que desencaden\u00f3 protestas en Oriente Pr\u00f3ximo.<\/p>\n","protected":false},"excerpt":{"rendered":"<p>Salwan Momika, de 38 a\u00f1os, recibi\u00f3 un disparo en una vivienda de Sodertalje, a las afueras de Estocolmo El activista iraqu\u00ed Salwan Momika, investigado en Suecia por la quema de ejemplares del Cor\u00e1n, ha muerto asesinado a tiros en una vivienda de las afueras de Estocolmo, tras conocerse el resultado de un juicio por presunta [&hellip;]<\/p>\n","protected":false},"author":1,"featured_media":51875,"comment_status":"closed","ping_status":"closed","sticky":false,"template":"","format":"standard","meta":{"footnotes":""},"categories":[83,80,85],"tags":[],"class_list":["post-51874","post","type-post","status-publish","format-standard","has-post-thumbnail","hentry","category-destacado","category-mundo","category-portada"],"_links":{"self":[{"href":"https:\/\/themexicopost.com\/index.php?rest_route=\/wp\/v2\/posts\/51874","targetHints":{"allow":["GET"]}}],"collection":[{"href":"https:\/\/themexicopost.com\/index.php?rest_route=\/wp\/v2\/posts"}],"about":[{"href":"https:\/\/themexicopost.com\/index.php?rest_route=\/wp\/v2\/types\/post"}],"author":[{"embeddable":true,"href":"https:\/\/themexicopost.com\/index.php?rest_route=\/wp\/v2\/users\/1"}],"replies":[{"embeddable":true,"href":"https:\/\/themexicopost.com\/index.php?rest_route=%2Fwp%2Fv2%2Fcomments&post=51874"}],"version-history":[{"count":1,"href":"https:\/\/themexicopost.com\/index.php?rest_route=\/wp\/v2\/posts\/51874\/revisions"}],"predecessor-version":[{"id":51876,"href":"https:\/\/themexicopost.com\/index.php?rest_route=\/wp\/v2\/posts\/51874\/revisions\/51876"}],"wp:featuredmedia":[{"embeddable":true,"href":"https:\/\/themexicopost.com\/index.php?rest_route=\/wp\/v2\/media\/51875"}],"wp:attachment":[{"href":"https:\/\/themexicopost.com\/index.php?rest_route=%2Fwp%2Fv2%2Fmedia&parent=51874"}],"wp:term":[{"taxonomy":"category","embeddable":true,"href":"https:\/\/themexicopost.com\/index.php?rest_route=%2Fwp%2Fv2%2Fcategories&post=51874"},{"taxonomy":"post_tag","embeddable":true,"href":"https:\/\/themexicopost.com\/index.php?rest_route=%2Fwp%2Fv2%2Ftags&post=51874"}],"curies":[{"name":"wp","href":"https:\/\/api.w.org\/{rel}","templated":true}]}}