{"id":51877,"date":"2025-01-31T13:51:42","date_gmt":"2025-01-31T13:51:42","guid":{"rendered":"https:\/\/themexicopost.com\/?p=51877"},"modified":"2025-01-31T13:51:44","modified_gmt":"2025-01-31T13:51:44","slug":"confirma-uganda-brote-de-ebola-en-la-capital-kampala","status":"publish","type":"post","link":"https:\/\/themexicopost.com\/?p=51877","title":{"rendered":"Confirma Uganda brote de \u00e9bola en la capital, Kampala"},"content":{"rendered":"\n<figure class=\"wp-block-pullquote\"><blockquote><p>Es el noveno brote en el pa\u00eds del este de \u00c1frica desde que registr\u00f3 su primera infecci\u00f3n de la enfermedad viral en 2000.<\/p><\/blockquote><\/figure>\n\n\n\n<p class=\"has-drop-cap\">Uganda confirm\u00f3 un brote del virus del \u00e9bola en la capital, Kampala, y el primer paciente confirmado muri\u00f3 a causa de la enfermedad el mi\u00e9rcoles, dijo el Ministerio de Salud.<br><\/p>\n\n\n\n<p>Es el noveno brote en el pa\u00eds del este de \u00c1frica desde que registr\u00f3 su primera infecci\u00f3n de la enfermedad viral en 2000.<br><\/p>\n\n\n\n<p>El paciente, un enfermero del Hospital Nacional de Referencia Mulago en Kampala, hab\u00eda buscado inicialmente tratamiento en varias instalaciones, incluido Mulago, as\u00ed como con un curandero tradicional, despu\u00e9s de desarrollar s\u00edntomas similares a la fiebre.<br><\/p>\n\n\n\n<p>&#8220;El paciente experiment\u00f3 una falla multiorg\u00e1nica y sucumbi\u00f3 a la enfermedad en el Hospital Nacional de Referencia Mulago el 29 de enero. Las muestras post mortem confirmaron la enfermedad del virus del \u00e9bola de Sud\u00e1n (cepa)&#8221;, dijo el ministerio en un comunicado.<br><\/p>\n\n\n\n<p>Se han incluido 44 contactos del hombre fallecido para su rastreo, incluidos 30 trabajadores de la salud, dijo el ministerio. Sin embargo, el rastreo de contactos podr\u00eda ser un desaf\u00edo, ya que Kampala, donde surgi\u00f3 la \u00faltima infecci\u00f3n de \u00e9bola, es una ciudad abarrotada de m\u00e1s de 4 millones de personas y una encrucijada para el tr\u00e1fico hacia Sud\u00e1n del Sur, Congo, Ruanda y otros pa\u00edses.<br><\/p>\n\n\n\n<p>La fiebre hemorr\u00e1gica altamente infecciosa se transmite a trav\u00e9s del contacto con fluidos corporales y tejidos infectados.<br><\/p>\n\n\n\n<p>Los s\u00edntomas incluyen dolor de cabeza, v\u00f3mitos de sangre, dolores musculares y sangrado.<br><\/p>\n\n\n\n<p>Las autoridades ugandesas han utilizado la capacidad acumulada a lo largo de los a\u00f1os, como las pruebas de laboratorio, el conocimiento sobre la atenci\u00f3n al paciente, el rastreo de contactos y otras habilidades, para controlar los recientes brotes de \u00e9bola en un tiempo relativamente corto.<br><\/p>\n\n\n\n<p>La Organizaci\u00f3n Mundial de la Salud dijo que hab\u00eda asignado un mill\u00f3n de d\u00f3lares de su fondo de contingencia para emergencias para apoyar una acci\u00f3n r\u00e1pida para contener el brote.<br><\/p>\n\n\n\n<p>El organismo de salud mundial tambi\u00e9n estaba trabajando con los desarrolladores para enviar vacunas candidatas, dijo en un comunicado.<br><\/p>\n\n\n\n<p>Uganda sufri\u00f3 por \u00faltima vez un brote a fines de 2022 que mat\u00f3 a 55 de las 143 personas infectadas. Ese brote se declar\u00f3 terminado el 11 de enero de 2023.<\/p>\n","protected":false},"excerpt":{"rendered":"<p>Es el noveno brote en el pa\u00eds del este de \u00c1frica desde que registr\u00f3 su primera infecci\u00f3n de la enfermedad viral en 2000. Uganda confirm\u00f3 un brote del virus del \u00e9bola en la capital, Kampala, y el primer paciente confirmado muri\u00f3 a causa de la enfermedad el mi\u00e9rcoles, dijo el Ministerio de Salud. Es el [&hellip;]<\/p>\n","protected":false},"author":1,"featured_media":51878,"comment_status":"closed","ping_status":"closed","sticky":false,"template":"","format":"standard","meta":{"footnotes":""},"categories":[83,80,85],"tags":[],"class_list":["post-51877","post","type-post","status-publish","format-standard","has-post-thumbnail","hentry","category-destacado","category-mundo","category-portada"],"_links":{"self":[{"href":"https:\/\/themexicopost.com\/index.php?rest_route=\/wp\/v2\/posts\/51877","targetHints":{"allow":["GET"]}}],"collection":[{"href":"https:\/\/themexicopost.com\/index.php?rest_route=\/wp\/v2\/posts"}],"about":[{"href":"https:\/\/themexicopost.com\/index.php?rest_route=\/wp\/v2\/types\/post"}],"author":[{"embeddable":true,"href":"https:\/\/themexicopost.com\/index.php?rest_route=\/wp\/v2\/users\/1"}],"replies":[{"embeddable":true,"href":"https:\/\/themexicopost.com\/index.php?rest_route=%2Fwp%2Fv2%2Fcomments&post=51877"}],"version-history":[{"count":1,"href":"https:\/\/themexicopost.com\/index.php?rest_route=\/wp\/v2\/posts\/51877\/revisions"}],"predecessor-version":[{"id":51879,"href":"https:\/\/themexicopost.com\/index.php?rest_route=\/wp\/v2\/posts\/51877\/revisions\/51879"}],"wp:featuredmedia":[{"embeddable":true,"href":"https:\/\/themexicopost.com\/index.php?rest_route=\/wp\/v2\/media\/51878"}],"wp:attachment":[{"href":"https:\/\/themexicopost.com\/index.php?rest_route=%2Fwp%2Fv2%2Fmedia&parent=51877"}],"wp:term":[{"taxonomy":"category","embeddable":true,"href":"https:\/\/themexicopost.com\/index.php?rest_route=%2Fwp%2Fv2%2Fcategories&post=51877"},{"taxonomy":"post_tag","embeddable":true,"href":"https:\/\/themexicopost.com\/index.php?rest_route=%2Fwp%2Fv2%2Ftags&post=51877"}],"curies":[{"name":"wp","href":"https:\/\/api.w.org\/{rel}","templated":true}]}}