{"id":52763,"date":"2025-02-13T14:32:20","date_gmt":"2025-02-13T14:32:20","guid":{"rendered":"https:\/\/themexicopost.com\/?p=52763"},"modified":"2025-02-13T14:32:24","modified_gmt":"2025-02-13T14:32:24","slug":"trump-podria-reunirse-con-putin-en-arabia-saudita","status":"publish","type":"post","link":"https:\/\/themexicopost.com\/?p=52763","title":{"rendered":"Trump podr\u00eda reunirse con Putin en Arabia Saudita"},"content":{"rendered":"\n<figure class=\"wp-block-pullquote\"><blockquote><p>El anuncio tuvo lugar el mismo d\u00eda en que el l\u00edder republicano mantuvo conversaciones telef\u00f3nicas tanto con Putin como con el presidente ucraniano.<\/p><\/blockquote><\/figure>\n\n\n\n<p class=\"has-drop-cap wp-block-paragraph\">El presidente de Estados Unidos, Donald Trump, dijo que su primera reuni\u00f3n en persona con su hom\u00f3logo ruso, Vlad\u00edmir Putin, tendr\u00e1 lugar probablemente en Arabia Saudita.<br><\/p>\n\n\n\n<p class=\"wp-block-paragraph\">Destac\u00f3 ante la prensa en el Despacho Oval de la Casa Blanca que aunque estar\u00e1 en contacto con Putin principalmente por tel\u00e9fono, en \u00faltima instancia prev\u00e9n verse en persona.<br><\/p>\n\n\n\n<p class=\"wp-block-paragraph\">Aunque est\u00e1 previsto que los dos vayan al pa\u00eds del otro, probablemente el primer encuentro tendr\u00e1 lugar en Arabia Saudita, dijo.<br><\/p>\n\n\n\n<p class=\"wp-block-paragraph\">El anuncio tuvo lugar el mismo d\u00eda en que el l\u00edder republicano mantuvo conversaciones telef\u00f3nicas tanto con Putin como con el presidente ucraniano, Volod\u00edmir Zelenski, con el fin de la guerra entre los dos pa\u00edses como objetivo.<br><\/p>\n\n\n\n<p class=\"wp-block-paragraph\">Trump dijo despu\u00e9s que hab\u00eda llegado a un acuerdo con Putin para que ambos pa\u00edses inicien de inmediato negociaciones con el objetivo de acabar el conflicto, y a\u00f1adi\u00f3 que tanto el l\u00edder ruso como el ucraniano quieren la paz.<br><\/p>\n\n\n\n<p class=\"wp-block-paragraph\">Destac\u00f3 que Putin y \u00e9l conocen al pr\u00edncipe heredero saud\u00ed, Mohamed bin Salm\u00e1n (conocido como MBS), y que por lo tanto su reino podr\u00eda ser un muy buen lugar para verse: \u201cTendremos una primera reuni\u00f3n y luego veremos qu\u00e9 podemos hacer al respecto\u201d, a\u00f1adi\u00f3.<br><\/p>\n\n\n\n<p class=\"wp-block-paragraph\">El enviado especial estadounidense para Oriente Medio, Steve Witkoff, hab\u00eda se\u00f1alado que MBS ha sido crucial en las negociaciones: \u201cTiene una amistad muy fuerte con el presidente Trump y, entre bambalinas, alent\u00f3 y presion\u00f3 buscando el resultado correcto\u201d.<br><\/p>\n\n\n\n<p class=\"wp-block-paragraph\">Esa agresi\u00f3n fue condenada por Occidente y, en respuesta, EE.UU., junto a la Uni\u00f3n Europea y Canad\u00e1, impusieron duras sanciones contra la econom\u00eda rusa y enviaron grandes cantidades de ayuda humanitaria y militar a Ucrania.<\/p>\n","protected":false},"excerpt":{"rendered":"<p>El anuncio tuvo lugar el mismo d\u00eda en que el l\u00edder republicano mantuvo conversaciones telef\u00f3nicas tanto con Putin como con el presidente ucraniano. El presidente de Estados Unidos, Donald Trump, dijo que su primera reuni\u00f3n en persona con su hom\u00f3logo ruso, Vlad\u00edmir Putin, tendr\u00e1 lugar probablemente en Arabia Saudita. Destac\u00f3 ante la prensa en el [&hellip;]<\/p>\n","protected":false},"author":1,"featured_media":52764,"comment_status":"closed","ping_status":"closed","sticky":false,"template":"","format":"standard","meta":{"footnotes":""},"categories":[83,80],"tags":[],"class_list":["post-52763","post","type-post","status-publish","format-standard","has-post-thumbnail","hentry","category-destacado","category-mundo"],"_links":{"self":[{"href":"https:\/\/themexicopost.com\/index.php?rest_route=\/wp\/v2\/posts\/52763","targetHints":{"allow":["GET"]}}],"collection":[{"href":"https:\/\/themexicopost.com\/index.php?rest_route=\/wp\/v2\/posts"}],"about":[{"href":"https:\/\/themexicopost.com\/index.php?rest_route=\/wp\/v2\/types\/post"}],"author":[{"embeddable":true,"href":"https:\/\/themexicopost.com\/index.php?rest_route=\/wp\/v2\/users\/1"}],"replies":[{"embeddable":true,"href":"https:\/\/themexicopost.com\/index.php?rest_route=%2Fwp%2Fv2%2Fcomments&post=52763"}],"version-history":[{"count":1,"href":"https:\/\/themexicopost.com\/index.php?rest_route=\/wp\/v2\/posts\/52763\/revisions"}],"predecessor-version":[{"id":52766,"href":"https:\/\/themexicopost.com\/index.php?rest_route=\/wp\/v2\/posts\/52763\/revisions\/52766"}],"wp:featuredmedia":[{"embeddable":true,"href":"https:\/\/themexicopost.com\/index.php?rest_route=\/wp\/v2\/media\/52764"}],"wp:attachment":[{"href":"https:\/\/themexicopost.com\/index.php?rest_route=%2Fwp%2Fv2%2Fmedia&parent=52763"}],"wp:term":[{"taxonomy":"category","embeddable":true,"href":"https:\/\/themexicopost.com\/index.php?rest_route=%2Fwp%2Fv2%2Fcategories&post=52763"},{"taxonomy":"post_tag","embeddable":true,"href":"https:\/\/themexicopost.com\/index.php?rest_route=%2Fwp%2Fv2%2Ftags&post=52763"}],"curies":[{"name":"wp","href":"https:\/\/api.w.org\/{rel}","templated":true}]}}