{"id":52773,"date":"2025-02-13T14:37:38","date_gmt":"2025-02-13T14:37:38","guid":{"rendered":"https:\/\/themexicopost.com\/?p=52773"},"modified":"2025-02-13T14:37:44","modified_gmt":"2025-02-13T14:37:44","slug":"explota-granada-en-un-bar-de-francia-dejando-una-docena-de-heridos","status":"publish","type":"post","link":"https:\/\/themexicopost.com\/?p=52773","title":{"rendered":"Explota granada en un bar de Francia, dejando una docena de heridos"},"content":{"rendered":"\n<figure class=\"wp-block-pullquote\"><blockquote><p>El alcalde de Grenoble, Eric Piolle, conden\u00f3 la explosi\u00f3n, calific\u00e1ndola de acto criminal de una violencia inaudita.<\/p><\/blockquote><\/figure>\n\n\n\n<p class=\"has-drop-cap wp-block-paragraph\">Una granada lanzada en un bar de Grenoble, en el sureste de Francia, caus\u00f3 una docena de heridos, dos de ellos graves, informaron una fuente polic\u00edaca y el fiscal local, que descart\u00f3 un acto terrorista.<br><\/p>\n\n\n\n<p class=\"wp-block-paragraph\">La explosi\u00f3n ocurri\u00f3 poco despu\u00e9s de las 20:00 locales en el barrio conflictivo de la Ciudad Ol\u00edmpica, en el sur de la ciudad.<br><\/p>\n\n\n\n<p class=\"wp-block-paragraph\">El fiscal Fran\u00e7ois Touret-de-Courcy inform\u00f3 que una persona entr\u00f3, lanz\u00f3 una granada, no dijo palabra y se dio a la fuga.<br><\/p>\n\n\n\n<p class=\"wp-block-paragraph\">&#8220;Por ahora no hay ninguna hip\u00f3tesis privilegiada&#8221; pero &#8220;podemos descartar un atentado puramente terrorista&#8221;, afirm\u00f3 el fiscal, quien apunt\u00f3 a &#8220;un acto de violencia extrema&#8221; que &#8220;puede estar ligado a un ajuste de cuentas&#8221;.<br><\/p>\n\n\n\n<p class=\"wp-block-paragraph\">Una docena de personas fueron atendidas por los servicios de emergencia, entre ellos dos heridos graves cuya vida no corre forzosamente peligro, se\u00f1al\u00f3 Touret-de-Courcy.<br><\/p>\n\n\n\n<p class=\"wp-block-paragraph\">En el momento del ataque hab\u00eda muchos clientes en el bar, explic\u00f3. Unas tres horas despu\u00e9s del suceso, los equipos de emergencia segu\u00edan en el lugar.<br><\/p>\n\n\n\n<p class=\"wp-block-paragraph\">El alcalde de Grenoble, Eric Piolle, conden\u00f3 la explosi\u00f3n, calific\u00e1ndola de acto criminal de una violencia inaudita.<\/p>\n","protected":false},"excerpt":{"rendered":"<p>El alcalde de Grenoble, Eric Piolle, conden\u00f3 la explosi\u00f3n, calific\u00e1ndola de acto criminal de una violencia inaudita. Una granada lanzada en un bar de Grenoble, en el sureste de Francia, caus\u00f3 una docena de heridos, dos de ellos graves, informaron una fuente polic\u00edaca y el fiscal local, que descart\u00f3 un acto terrorista. La explosi\u00f3n ocurri\u00f3 [&hellip;]<\/p>\n","protected":false},"author":1,"featured_media":52774,"comment_status":"closed","ping_status":"closed","sticky":false,"template":"","format":"standard","meta":{"footnotes":""},"categories":[83,80,85],"tags":[],"class_list":["post-52773","post","type-post","status-publish","format-standard","has-post-thumbnail","hentry","category-destacado","category-mundo","category-portada"],"_links":{"self":[{"href":"https:\/\/themexicopost.com\/index.php?rest_route=\/wp\/v2\/posts\/52773","targetHints":{"allow":["GET"]}}],"collection":[{"href":"https:\/\/themexicopost.com\/index.php?rest_route=\/wp\/v2\/posts"}],"about":[{"href":"https:\/\/themexicopost.com\/index.php?rest_route=\/wp\/v2\/types\/post"}],"author":[{"embeddable":true,"href":"https:\/\/themexicopost.com\/index.php?rest_route=\/wp\/v2\/users\/1"}],"replies":[{"embeddable":true,"href":"https:\/\/themexicopost.com\/index.php?rest_route=%2Fwp%2Fv2%2Fcomments&post=52773"}],"version-history":[{"count":1,"href":"https:\/\/themexicopost.com\/index.php?rest_route=\/wp\/v2\/posts\/52773\/revisions"}],"predecessor-version":[{"id":52775,"href":"https:\/\/themexicopost.com\/index.php?rest_route=\/wp\/v2\/posts\/52773\/revisions\/52775"}],"wp:featuredmedia":[{"embeddable":true,"href":"https:\/\/themexicopost.com\/index.php?rest_route=\/wp\/v2\/media\/52774"}],"wp:attachment":[{"href":"https:\/\/themexicopost.com\/index.php?rest_route=%2Fwp%2Fv2%2Fmedia&parent=52773"}],"wp:term":[{"taxonomy":"category","embeddable":true,"href":"https:\/\/themexicopost.com\/index.php?rest_route=%2Fwp%2Fv2%2Fcategories&post=52773"},{"taxonomy":"post_tag","embeddable":true,"href":"https:\/\/themexicopost.com\/index.php?rest_route=%2Fwp%2Fv2%2Ftags&post=52773"}],"curies":[{"name":"wp","href":"https:\/\/api.w.org\/{rel}","templated":true}]}}