{"id":52776,"date":"2025-02-13T14:38:54","date_gmt":"2025-02-13T14:38:54","guid":{"rendered":"https:\/\/themexicopost.com\/?p=52776"},"modified":"2025-02-13T14:39:03","modified_gmt":"2025-02-13T14:39:03","slug":"descarta-estados-unidos-ingresar-a-ucrania-a-la-otan","status":"publish","type":"post","link":"https:\/\/themexicopost.com\/?p=52776","title":{"rendered":"Descarta Estados Unidos ingresar a Ucrania a la OTAN"},"content":{"rendered":"\n<figure class=\"wp-block-pullquote\"><blockquote><p>El presidente de Estados Unidos asegur\u00f3 que la adhesi\u00f3n de Ucrania a la OTAN no es pr\u00e1ctica y consider\u00f3 improbable que el pa\u00eds recupere los territorios ocupados por Rusia desde 2014.<\/p><\/blockquote><\/figure>\n\n\n\n<p class=\"has-drop-cap wp-block-paragraph\">El presidente de Estados Unidos (EU), Donald Trump, declar\u00f3 que la aspiraci\u00f3n de Ucrania a unirse a la OTAN es poco viable y sugiri\u00f3 que la recuperaci\u00f3n de los territorios ocupados por Rusia, incluida Crimea, es improbable.<br><\/p>\n\n\n\n<p class=\"wp-block-paragraph\">Trump respald\u00f3 los comentarios del secretario de Defensa, Pete Hegseth, quien calific\u00f3 de irrealista el retorno a las fronteras de 2014 y la adhesi\u00f3n ucraniana a la Alianza Atl\u00e1ntica como parte de un acuerdo de paz.<br><\/p>\n\n\n\n<p class=\"wp-block-paragraph\">Las declaraciones de Trump contrastan con la postura de su predecesor, Joe Biden, quien apoy\u00f3 la incorporaci\u00f3n de Ucrania a la OTAN, aunque sin establecer plazos.<br><\/p>\n\n\n\n<p class=\"wp-block-paragraph\">Mientras Biden dejaba en manos de Kiev la decisi\u00f3n sobre el fin del conflicto, Trump sugiere que Ucrania deber\u00eda negociar la paz con Rusia.<br><\/p>\n\n\n\n<p class=\"wp-block-paragraph\">El magnate republicano revel\u00f3 que sostuvo conversaciones con Vlad\u00edmir Putin y Volod\u00edmir Zelenski, con el objetivo de iniciar negociaciones inmediatas para poner fin a la guerra.<br><\/p>\n\n\n\n<p class=\"wp-block-paragraph\">La direcci\u00f3n que tomar\u00e1n estos di\u00e1logos se ver\u00e1 reflejada en la reuni\u00f3n que el vicepresidente de EU, J.D. Vance, sostendr\u00e1 con Zelenski en la Conferencia de Seguridad de M\u00fanich, un evento clave en la pol\u00edtica internacional.<br><\/p>\n\n\n\n<p class=\"wp-block-paragraph\">Trump tambi\u00e9n insisti\u00f3 en que la ayuda militar de Estados Unidos a Ucrania debe estar asegurada y sugiri\u00f3 que Kiev podr\u00eda ofrecer recursos naturales, como minerales cr\u00edticos, a cambio del respaldo financiero.<br><\/p>\n\n\n\n<p class=\"wp-block-paragraph\">Finalmente, el futuro de Ucrania y su relaci\u00f3n con la OTAN sigue en la incertidumbre, mientras la guerra con Rusia entra en una fase decisiva.<\/p>\n","protected":false},"excerpt":{"rendered":"<p>El presidente de Estados Unidos asegur\u00f3 que la adhesi\u00f3n de Ucrania a la OTAN no es pr\u00e1ctica y consider\u00f3 improbable que el pa\u00eds recupere los territorios ocupados por Rusia desde 2014. El presidente de Estados Unidos (EU), Donald Trump, declar\u00f3 que la aspiraci\u00f3n de Ucrania a unirse a la OTAN es poco viable y sugiri\u00f3 [&hellip;]<\/p>\n","protected":false},"author":1,"featured_media":52777,"comment_status":"closed","ping_status":"closed","sticky":false,"template":"","format":"standard","meta":{"footnotes":""},"categories":[83,80,85],"tags":[],"class_list":["post-52776","post","type-post","status-publish","format-standard","has-post-thumbnail","hentry","category-destacado","category-mundo","category-portada"],"_links":{"self":[{"href":"https:\/\/themexicopost.com\/index.php?rest_route=\/wp\/v2\/posts\/52776","targetHints":{"allow":["GET"]}}],"collection":[{"href":"https:\/\/themexicopost.com\/index.php?rest_route=\/wp\/v2\/posts"}],"about":[{"href":"https:\/\/themexicopost.com\/index.php?rest_route=\/wp\/v2\/types\/post"}],"author":[{"embeddable":true,"href":"https:\/\/themexicopost.com\/index.php?rest_route=\/wp\/v2\/users\/1"}],"replies":[{"embeddable":true,"href":"https:\/\/themexicopost.com\/index.php?rest_route=%2Fwp%2Fv2%2Fcomments&post=52776"}],"version-history":[{"count":1,"href":"https:\/\/themexicopost.com\/index.php?rest_route=\/wp\/v2\/posts\/52776\/revisions"}],"predecessor-version":[{"id":52778,"href":"https:\/\/themexicopost.com\/index.php?rest_route=\/wp\/v2\/posts\/52776\/revisions\/52778"}],"wp:featuredmedia":[{"embeddable":true,"href":"https:\/\/themexicopost.com\/index.php?rest_route=\/wp\/v2\/media\/52777"}],"wp:attachment":[{"href":"https:\/\/themexicopost.com\/index.php?rest_route=%2Fwp%2Fv2%2Fmedia&parent=52776"}],"wp:term":[{"taxonomy":"category","embeddable":true,"href":"https:\/\/themexicopost.com\/index.php?rest_route=%2Fwp%2Fv2%2Fcategories&post=52776"},{"taxonomy":"post_tag","embeddable":true,"href":"https:\/\/themexicopost.com\/index.php?rest_route=%2Fwp%2Fv2%2Ftags&post=52776"}],"curies":[{"name":"wp","href":"https:\/\/api.w.org\/{rel}","templated":true}]}}