{"id":52779,"date":"2025-02-13T14:42:20","date_gmt":"2025-02-13T14:42:20","guid":{"rendered":"https:\/\/themexicopost.com\/?p=52779"},"modified":"2025-02-13T14:42:26","modified_gmt":"2025-02-13T14:42:26","slug":"acusan-a-coca-cola-en-usa-de-denunciar-a-empleados-ante-la-ice-para-ser-deportados","status":"publish","type":"post","link":"https:\/\/themexicopost.com\/?p=52779","title":{"rendered":"ACUSAN A COCA COLA EN USA DE DENUNCIAR A EMPLEADOS ANTE LA ICE PARA SER DEPORTADOS"},"content":{"rendered":"\n<figure class=\"wp-block-pullquote\"><blockquote><p>Consumidores llaman a boicotear a la compa\u00f1\u00eda en Am\u00e9rica Latina<\/p><\/blockquote><\/figure>\n\n\n\n<p class=\"has-drop-cap wp-block-paragraph\">La empresa Coca-Cola se enfrenta a una reacci\u00f3n hostil en las redes sociales tras los rumores de que el gigante de los refrescos despidi\u00f3 a empleados latinos y los denunci\u00f3 a agentes del Servicio de Inmigraci\u00f3n y Control de Aduanas (ICE).<br><\/p>\n\n\n\n<p class=\"wp-block-paragraph\">Como consecuencia, brot\u00f3 un movimiento pol\u00edtico comunitario que llama a boicotear a la compa\u00f1\u00eda de bebidas. El \u201cLatino Freeze Movement\u201d surgi\u00f3 en respuesta a los decretos de Donald Trump para descartar los programas federales de diversidad, equidad e inclusi\u00f3n (DEI) y tomar medidas en\u00e9rgicas contra la inmigraci\u00f3n.<br><\/p>\n\n\n\n<p class=\"wp-block-paragraph\">Esta campa\u00f1a insta a los latinos a dejar de hacer compras a las grandes empresas estadounidenses que se cree que tienen v\u00ednculos con la administraci\u00f3n de Trump o que han desmantelado recientemente sus programas de DEI tras el regreso de Trump a la presidencia.<br><\/p>\n\n\n\n<p class=\"wp-block-paragraph\">La empresa Coca-Cola no ha hecho un anuncio p\u00fablico de alguna revisi\u00f3n de su programa DEI, su consejero delegado, James Quincey, regal\u00f3 a Trump, amante de la Coca-Cola Light, una botella conmemorativa de la bebida antes de su toma de posesi\u00f3n el mes pasado, una tradici\u00f3n que comenz\u00f3 con George W. Bush en 2005.<br><\/p>\n\n\n\n<p class=\"wp-block-paragraph\">En el sitio web se puede leer \u201cLatinos y latinas, dejen de gastar dinero\u201d. \u201cNo den el brazo a torcer. Todos colectivamente podemos tener un gran impacto simplemente guardando y no gastando nuestro dinero\u201d.<br><\/p>\n\n\n\n<p class=\"wp-block-paragraph\">Este boicot a Coca-Cola empez\u00f3 a cobrar fuerza despu\u00e9s de que surgieran rumores de que, no solo hab\u00eda despedido a empleados latinos de una planta embotelladora de Texas, sino que los estaba denunciando a funcionarios de inmigraci\u00f3n.<br><\/p>\n\n\n\n<figure class=\"wp-block-image size-large\"><img fetchpriority=\"high\" decoding=\"async\" width=\"1024\" height=\"684\" src=\"https:\/\/themexicopost.com\/wp-content\/uploads\/2025\/02\/coca-3-1024x684.jpg\" alt=\"\" class=\"wp-image-52781\" srcset=\"https:\/\/themexicopost.com\/wp-content\/uploads\/2025\/02\/coca-3-1024x684.jpg 1024w, https:\/\/themexicopost.com\/wp-content\/uploads\/2025\/02\/coca-3-300x201.jpg 300w, https:\/\/themexicopost.com\/wp-content\/uploads\/2025\/02\/coca-3-768x513.jpg 768w, https:\/\/themexicopost.com\/wp-content\/uploads\/2025\/02\/coca-3-330x220.jpg 330w, https:\/\/themexicopost.com\/wp-content\/uploads\/2025\/02\/coca-3-420x280.jpg 420w, https:\/\/themexicopost.com\/wp-content\/uploads\/2025\/02\/coca-3-615x410.jpg 615w, https:\/\/themexicopost.com\/wp-content\/uploads\/2025\/02\/coca-3-860x575.jpg 860w, https:\/\/themexicopost.com\/wp-content\/uploads\/2025\/02\/coca-3.jpg 1200w\" sizes=\"(max-width: 1024px) 100vw, 1024px\" \/><\/figure>\n\n\n\n<p class=\"wp-block-paragraph\">Pero a pesar de todo lo que se dice, las denuncias no se han podido verificar. Pero un portavoz an\u00f3nimo de Coca Cola afirm\u00f3 que \u201cla acusaci\u00f3n de que The Coca-Cola Company llam\u00f3 a las autoridades de inmigraci\u00f3n para ayudar en la separaci\u00f3n de los trabajadores indocumentados es inequ\u00edvocamente falsa\u201d.<br><\/p>\n\n\n\n<p class=\"wp-block-paragraph\">En un video de TikTok que obtuvo casi dos millones de visitas, el abogado laboral Trang Tran afirm\u00f3 que Coca-Cola despidi\u00f3 a miles de trabajadores latinoamericanos en la planta embotelladora Cerberus\u201d de Texas y luego llam\u00f3 a ICE.<br><\/p>\n\n\n\n<p class=\"wp-block-paragraph\">Pero en otro v\u00eddeo se afirmaban sin fundamento que la empresa intent\u00f3 disculparse por hacer llamadas a la agencia federal.<br><\/p>\n\n\n\n<p class=\"wp-block-paragraph\">A pesar de todo lo dicgo Coca-Cola no ha informado que haya despedido a un gran n\u00famero de empleados, algo que tendr\u00eda que revelarse al tratarse de una empresa que cotiza en bolsa. La supuesta ubicaci\u00f3n en Texas, la planta embotelladora Cerberus, no existe.<br><\/p>\n\n\n\n<p class=\"wp-block-paragraph\">Varias publicaciones en las redes sociales parecen haber combinado err\u00f3neamente los llamados al boicot de Coca-Cola con los rumores sobre ICE.<br><\/p>\n\n\n\n<p class=\"wp-block-paragraph\">El movimiento Latino Freeze Movement tambi\u00e9n ha pedido a la gente que cambie los productos estadounidenses por productos de origen latinoamericano para oponerse a los aranceles propuestos por Trump a M\u00e9xico y Canad\u00e1.<br><\/p>\n\n\n\n<p class=\"wp-block-paragraph\">Los latinos representan casi el 20 % de la poblaci\u00f3n estadounidense, seg\u00fan los datos del censo de 2023. El sitio web de Coca-Cola afirma que sirve a aproximadamente 530 millones de consumidores en Am\u00e9rica Latina, lo que equivale a un valor de venta al por menor de 120.000 millones de d\u00f3lares.<\/p>\n\n\n\n<figure class=\"wp-block-image size-large\"><img decoding=\"async\" width=\"1024\" height=\"684\" src=\"https:\/\/themexicopost.com\/wp-content\/uploads\/2025\/02\/coca-1024x684.jpg\" alt=\"\" class=\"wp-image-52782\" srcset=\"https:\/\/themexicopost.com\/wp-content\/uploads\/2025\/02\/coca-1024x684.jpg 1024w, https:\/\/themexicopost.com\/wp-content\/uploads\/2025\/02\/coca-300x201.jpg 300w, https:\/\/themexicopost.com\/wp-content\/uploads\/2025\/02\/coca-768x513.jpg 768w, https:\/\/themexicopost.com\/wp-content\/uploads\/2025\/02\/coca-330x220.jpg 330w, https:\/\/themexicopost.com\/wp-content\/uploads\/2025\/02\/coca-420x280.jpg 420w, https:\/\/themexicopost.com\/wp-content\/uploads\/2025\/02\/coca-615x410.jpg 615w, https:\/\/themexicopost.com\/wp-content\/uploads\/2025\/02\/coca-860x575.jpg 860w, https:\/\/themexicopost.com\/wp-content\/uploads\/2025\/02\/coca.jpg 1200w\" sizes=\"(max-width: 1024px) 100vw, 1024px\" \/><\/figure>\n","protected":false},"excerpt":{"rendered":"<p>Consumidores llaman a boicotear a la compa\u00f1\u00eda en Am\u00e9rica Latina<\/p>\n","protected":false},"author":1,"featured_media":52780,"comment_status":"closed","ping_status":"closed","sticky":false,"template":"","format":"standard","meta":{"footnotes":""},"categories":[83,80,85],"tags":[],"class_list":["post-52779","post","type-post","status-publish","format-standard","has-post-thumbnail","hentry","category-destacado","category-mundo","category-portada"],"_links":{"self":[{"href":"https:\/\/themexicopost.com\/index.php?rest_route=\/wp\/v2\/posts\/52779","targetHints":{"allow":["GET"]}}],"collection":[{"href":"https:\/\/themexicopost.com\/index.php?rest_route=\/wp\/v2\/posts"}],"about":[{"href":"https:\/\/themexicopost.com\/index.php?rest_route=\/wp\/v2\/types\/post"}],"author":[{"embeddable":true,"href":"https:\/\/themexicopost.com\/index.php?rest_route=\/wp\/v2\/users\/1"}],"replies":[{"embeddable":true,"href":"https:\/\/themexicopost.com\/index.php?rest_route=%2Fwp%2Fv2%2Fcomments&post=52779"}],"version-history":[{"count":1,"href":"https:\/\/themexicopost.com\/index.php?rest_route=\/wp\/v2\/posts\/52779\/revisions"}],"predecessor-version":[{"id":52783,"href":"https:\/\/themexicopost.com\/index.php?rest_route=\/wp\/v2\/posts\/52779\/revisions\/52783"}],"wp:featuredmedia":[{"embeddable":true,"href":"https:\/\/themexicopost.com\/index.php?rest_route=\/wp\/v2\/media\/52780"}],"wp:attachment":[{"href":"https:\/\/themexicopost.com\/index.php?rest_route=%2Fwp%2Fv2%2Fmedia&parent=52779"}],"wp:term":[{"taxonomy":"category","embeddable":true,"href":"https:\/\/themexicopost.com\/index.php?rest_route=%2Fwp%2Fv2%2Fcategories&post=52779"},{"taxonomy":"post_tag","embeddable":true,"href":"https:\/\/themexicopost.com\/index.php?rest_route=%2Fwp%2Fv2%2Ftags&post=52779"}],"curies":[{"name":"wp","href":"https:\/\/api.w.org\/{rel}","templated":true}]}}