{"id":52809,"date":"2025-02-13T22:45:27","date_gmt":"2025-02-13T22:45:27","guid":{"rendered":"https:\/\/themexicopost.com\/?p=52809"},"modified":"2025-02-13T22:45:28","modified_gmt":"2025-02-13T22:45:28","slug":"sheinbaum-asegura-que-en-eu-tambien-hay-delincuencia-organizada","status":"publish","type":"post","link":"https:\/\/themexicopost.com\/?p=52809","title":{"rendered":"SHEINBAUM ASEGURA QUE EN EU TAMBI\u00c9N HAY DELINCUENCIA ORGANIZADA\u00a0"},"content":{"rendered":"\n<p class=\"wp-block-paragraph\">En la conferencia matutina de este d\u00eda, la presidenta de M\u00e9xico, Claudia Sheinbaum Pardo, asegur\u00f3 que en EU tambi\u00e9n hay delincuencia organizada, esto luego de la detenci\u00f3n de un ciudadano estadounidense identificado como Sotero N, alias Soty, presuntamente relacionado con tr\u00e1fico de drogas y armas.<br><\/p>\n\n\n\n<p class=\"wp-block-paragraph\">Sheinbaum, dijo que hay personas estadounidenses que vienen a M\u00e9xico a cometer actividades il\u00edcitas y que el tema ya se abord\u00f3 con el presidente Donald Trump.\u00a0<br><\/p>\n","protected":false},"excerpt":{"rendered":"<p>En la conferencia matutina de este d\u00eda, la presidenta de M\u00e9xico, Claudia Sheinbaum Pardo, asegur\u00f3 que en EU tambi\u00e9n hay delincuencia organizada, esto luego de la detenci\u00f3n de un ciudadano estadounidense identificado como Sotero N, alias Soty, presuntamente relacionado con tr\u00e1fico de drogas y armas. Sheinbaum, dijo que hay personas estadounidenses que vienen a M\u00e9xico [&hellip;]<\/p>\n","protected":false},"author":2,"featured_media":52810,"comment_status":"closed","ping_status":"closed","sticky":false,"template":"","format":"standard","meta":{"footnotes":""},"categories":[81],"tags":[],"class_list":["post-52809","post","type-post","status-publish","format-standard","has-post-thumbnail","hentry","category-nacional"],"_links":{"self":[{"href":"https:\/\/themexicopost.com\/index.php?rest_route=\/wp\/v2\/posts\/52809","targetHints":{"allow":["GET"]}}],"collection":[{"href":"https:\/\/themexicopost.com\/index.php?rest_route=\/wp\/v2\/posts"}],"about":[{"href":"https:\/\/themexicopost.com\/index.php?rest_route=\/wp\/v2\/types\/post"}],"author":[{"embeddable":true,"href":"https:\/\/themexicopost.com\/index.php?rest_route=\/wp\/v2\/users\/2"}],"replies":[{"embeddable":true,"href":"https:\/\/themexicopost.com\/index.php?rest_route=%2Fwp%2Fv2%2Fcomments&post=52809"}],"version-history":[{"count":1,"href":"https:\/\/themexicopost.com\/index.php?rest_route=\/wp\/v2\/posts\/52809\/revisions"}],"predecessor-version":[{"id":52811,"href":"https:\/\/themexicopost.com\/index.php?rest_route=\/wp\/v2\/posts\/52809\/revisions\/52811"}],"wp:featuredmedia":[{"embeddable":true,"href":"https:\/\/themexicopost.com\/index.php?rest_route=\/wp\/v2\/media\/52810"}],"wp:attachment":[{"href":"https:\/\/themexicopost.com\/index.php?rest_route=%2Fwp%2Fv2%2Fmedia&parent=52809"}],"wp:term":[{"taxonomy":"category","embeddable":true,"href":"https:\/\/themexicopost.com\/index.php?rest_route=%2Fwp%2Fv2%2Fcategories&post=52809"},{"taxonomy":"post_tag","embeddable":true,"href":"https:\/\/themexicopost.com\/index.php?rest_route=%2Fwp%2Fv2%2Ftags&post=52809"}],"curies":[{"name":"wp","href":"https:\/\/api.w.org\/{rel}","templated":true}]}}