{"id":52840,"date":"2025-02-14T13:44:44","date_gmt":"2025-02-14T13:44:44","guid":{"rendered":"https:\/\/themexicopost.com\/?p=52840"},"modified":"2025-02-14T13:44:48","modified_gmt":"2025-02-14T13:44:48","slug":"sedema-invita-a-experimentar-una-noche-de-murcielagos","status":"publish","type":"post","link":"https:\/\/themexicopost.com\/?p=52840","title":{"rendered":"Sedema invita a experimentar una &#8220;Noche de Murci\u00e9lagos&#8221;"},"content":{"rendered":"\n<figure class=\"wp-block-pullquote\"><blockquote><p>Estas actividades buscan mejorar la relaci\u00f3n entre las y los habitantes de la ciudad y los murci\u00e9lagos<\/p><\/blockquote><\/figure>\n\n\n\n<p class=\"has-drop-cap wp-block-paragraph\">Invita el Gobierno de la CDMX y la SEDEMA invita a la ciudadan\u00eda a participar en el recorrido \u201cNoches de Murci\u00e9lagos\u201d, una experiencia educativa nocturna y en contacto con la naturaleza que surgi\u00f3 del programa de \u201cJardines para la Vida\u201d.<br><\/p>\n\n\n\n<p class=\"wp-block-paragraph\">Ser\u00e1n este pr\u00f3ximos s\u00e1bado 15 y s\u00e1bado 22 de febrero de 18:00 a 20:00 horas, el Centro de Cultura Ambiental Acuexcomatl, ubicado en A\u00f1o de Ju\u00e1rez 1900, San Luis Tlaxialtemalco, en la alcald\u00eda Xochimilco, ser\u00e1 la sede para que las y los visitantes conozcan la importancia ecosist\u00e9mica de los murci\u00e9lagos, as\u00ed como las adversidades m\u00e1s grandes a las que se enfrentan estos mam\u00edferos para lograr su supervivencia en un ambiente cada vez m\u00e1s urbanizado, como la Ciudad de M\u00e9xico, en donde se han reportado hasta 23 especies.<br><\/p>\n\n\n\n<p class=\"wp-block-paragraph\">Durante esta jornada nocturna, que tiene un costo de 17 pesos por persona, se llevar\u00e1n a cabo actividades culturales como recorrido con radares, juegos de polinizadores, talleres informativos y proyecciones sobre el tema para personas de todas las edades.<br><\/p>\n\n\n\n<p class=\"wp-block-paragraph\">Con estas acciones, el Gobierno de la Ciudad de M\u00e9xico, encabezado por Clara Brugada Molina, y desde la SEDEMA, la secretaria Julia \u00c1lvarez Icaza Ram\u00edrez, reafirman su compromiso con la ciudadan\u00eda de garantizar el derecho un medio ambiente sano y continuar con la protecci\u00f3n de la biodiversidad que existen en la capital mediante la difusi\u00f3n y acceso a la educaci\u00f3n ambiental.<\/p>\n","protected":false},"excerpt":{"rendered":"<p>Estas actividades buscan mejorar la relaci\u00f3n entre las y los habitantes de la ciudad y los murci\u00e9lagos Invita el Gobierno de la CDMX y la SEDEMA invita a la ciudadan\u00eda a participar en el recorrido \u201cNoches de Murci\u00e9lagos\u201d, una experiencia educativa nocturna y en contacto con la naturaleza que surgi\u00f3 del programa de \u201cJardines para [&hellip;]<\/p>\n","protected":false},"author":1,"featured_media":52842,"comment_status":"closed","ping_status":"closed","sticky":false,"template":"","format":"standard","meta":{"footnotes":""},"categories":[82],"tags":[],"class_list":["post-52840","post","type-post","status-publish","format-standard","has-post-thumbnail","hentry","category-cdmx"],"_links":{"self":[{"href":"https:\/\/themexicopost.com\/index.php?rest_route=\/wp\/v2\/posts\/52840","targetHints":{"allow":["GET"]}}],"collection":[{"href":"https:\/\/themexicopost.com\/index.php?rest_route=\/wp\/v2\/posts"}],"about":[{"href":"https:\/\/themexicopost.com\/index.php?rest_route=\/wp\/v2\/types\/post"}],"author":[{"embeddable":true,"href":"https:\/\/themexicopost.com\/index.php?rest_route=\/wp\/v2\/users\/1"}],"replies":[{"embeddable":true,"href":"https:\/\/themexicopost.com\/index.php?rest_route=%2Fwp%2Fv2%2Fcomments&post=52840"}],"version-history":[{"count":1,"href":"https:\/\/themexicopost.com\/index.php?rest_route=\/wp\/v2\/posts\/52840\/revisions"}],"predecessor-version":[{"id":52843,"href":"https:\/\/themexicopost.com\/index.php?rest_route=\/wp\/v2\/posts\/52840\/revisions\/52843"}],"wp:featuredmedia":[{"embeddable":true,"href":"https:\/\/themexicopost.com\/index.php?rest_route=\/wp\/v2\/media\/52842"}],"wp:attachment":[{"href":"https:\/\/themexicopost.com\/index.php?rest_route=%2Fwp%2Fv2%2Fmedia&parent=52840"}],"wp:term":[{"taxonomy":"category","embeddable":true,"href":"https:\/\/themexicopost.com\/index.php?rest_route=%2Fwp%2Fv2%2Fcategories&post=52840"},{"taxonomy":"post_tag","embeddable":true,"href":"https:\/\/themexicopost.com\/index.php?rest_route=%2Fwp%2Fv2%2Ftags&post=52840"}],"curies":[{"name":"wp","href":"https:\/\/api.w.org\/{rel}","templated":true}]}}