{"id":52871,"date":"2025-02-14T14:23:36","date_gmt":"2025-02-14T14:23:36","guid":{"rendered":"https:\/\/themexicopost.com\/?p=52871"},"modified":"2025-02-14T14:23:39","modified_gmt":"2025-02-14T14:23:39","slug":"hombre-es-tragado-y-escupido-al-instante-por-una-ballena","status":"publish","type":"post","link":"https:\/\/themexicopost.com\/?p=52871","title":{"rendered":"Hombre es tragado y escupido al instante por una ballena"},"content":{"rendered":"\n<figure class=\"wp-block-pullquote\"><blockquote><p>Los ataques de las ballenas directos hacia las personas son poco frecuentes en las costas chilenas.<\/p><\/blockquote><\/figure>\n\n\n\n<p class=\"has-drop-cap wp-block-paragraph\">Un dram\u00e1tico incidente en la Patagonia chilena se hizo viral despu\u00e9s de que una ballena se tragara y casi de inmediato escupiera a un hombre que navegaba en kayak en las aguas del Estrecho de Magallanes.<br><\/p>\n\n\n\n<p class=\"wp-block-paragraph\">Adri\u00e1n Simancas, de 24 a\u00f1os, estaba haciendo kayak con su padre, Dell Simancas, cuando el gigantesco animal apareci\u00f3 inesperadamente y atrap\u00f3 al joven y su embarcaci\u00f3n amarilla con sus fauces. Segundos despu\u00e9s, tras liberarlo, el cet\u00e1ceo sigui\u00f3 nadando.<br><\/p>\n\n\n\n<p class=\"wp-block-paragraph\">Los momentos fueron captadas por Dell, quien pese a la situaci\u00f3n inusitada segu\u00eda motivando a su hijo a mantener la calma y volver al kayak.<br><\/p>\n\n\n\n<p class=\"wp-block-paragraph\">\u201cTranquilo, tranquilo\u201d, se escucha en el video que ya se ha viralizado en Chile.<br><\/p>\n\n\n\n<p class=\"wp-block-paragraph\">\u201cYo pens\u00e9 que hab\u00eda muerto\u201d, dijo el joven; \u201cpens\u00e9 que me hab\u00eda comido, que me hab\u00eda tragado\u201d.<br><\/p>\n\n\n\n<p class=\"wp-block-paragraph\">El joven relat\u00f3 el terror de estos pocos segundos y explic\u00f3 que fue cuando volvi\u00f3 a la superficie que sinti\u00f3 miedo de verdad.<br><\/p>\n\n\n\n<p class=\"wp-block-paragraph\">\u201cCuando sal\u00ed y empec\u00e9 a flotar ah\u00ed sent\u00ed el miedo de verdad, de que tambi\u00e9n le fuese a pasar algo a mi pap\u00e1, que no hubi\u00e9semos llegado a tiempo a la orilla, que me fuese dar hipotermia\u201d, record\u00f3. \u201cYa cuando sal\u00ed, entend\u00ed que probablemente era por curiosidad que se hab\u00eda acercado la ballena o quiz\u00e1s para comunicar algo\u201d.<br><\/p>\n\n\n\n<p class=\"wp-block-paragraph\">Pese al incidente, su padre, siempre con la c\u00e1mara en la mano, intent\u00f3 tranquilizarlo. \u201cCuando volteo, no veo a Adri\u00e1n, a mi hijo. Me sorprend\u00ed, me preocup\u00e9\u201d, cont\u00f3. \u201cDespu\u00e9s veo que sale a la superficie\u2026 Y despu\u00e9s veo una parte del cuerpo de una ballena\u201d.<br><\/p>\n\n\n\n<p class=\"wp-block-paragraph\">Tras nadar por unos segundos, el joven consigui\u00f3 alcanzar el kayak de su pap\u00e1 y fue r\u00e1pidamente auxiliado. Pese al susto, ambos volvieron a la orilla sin lesiones.<br><\/p>\n\n\n\n<p class=\"wp-block-paragraph\">El incidente ocurri\u00f3 el pasado fin de semana en la bah\u00eda El \u00c1guila, en el sector sur de la ciudad de Punta Arenas, a unos 3.000 kil\u00f3metros de la capital, Santiago. Ah\u00ed se ubica el Estrecho de Magallanes, uno de los principales atractivos tur\u00edsticos de la Patagonia chilena.<br><\/p>\n\n\n\n<p class=\"wp-block-paragraph\">Conocido por las actividades de aventura, sus g\u00e9lidas aguas suponen un reto para los navegantes, nadadores y aventureros, quienes buscan desafiarlo cruz\u00e1ndolo de diversas formas. Pese a que febrero es verano en el hemisferio sur, las temperaturas en la regi\u00f3n permanecen bajas, con m\u00ednimas que pueden caer hasta los 4 grados y m\u00e1ximas que dif\u00edcilmente superan los 20\u00ba.<br><\/p>\n\n\n\n<p class=\"wp-block-paragraph\">Los ataques de las ballenas directos hacia las personas son poco frecuentes en las costas chilenas.<\/p>\n","protected":false},"excerpt":{"rendered":"<p>Los ataques de las ballenas directos hacia las personas son poco frecuentes en las costas chilenas. Un dram\u00e1tico incidente en la Patagonia chilena se hizo viral despu\u00e9s de que una ballena se tragara y casi de inmediato escupiera a un hombre que navegaba en kayak en las aguas del Estrecho de Magallanes. Adri\u00e1n Simancas, de [&hellip;]<\/p>\n","protected":false},"author":1,"featured_media":52872,"comment_status":"closed","ping_status":"closed","sticky":false,"template":"","format":"standard","meta":{"footnotes":""},"categories":[83,80],"tags":[],"class_list":["post-52871","post","type-post","status-publish","format-standard","has-post-thumbnail","hentry","category-destacado","category-mundo"],"_links":{"self":[{"href":"https:\/\/themexicopost.com\/index.php?rest_route=\/wp\/v2\/posts\/52871","targetHints":{"allow":["GET"]}}],"collection":[{"href":"https:\/\/themexicopost.com\/index.php?rest_route=\/wp\/v2\/posts"}],"about":[{"href":"https:\/\/themexicopost.com\/index.php?rest_route=\/wp\/v2\/types\/post"}],"author":[{"embeddable":true,"href":"https:\/\/themexicopost.com\/index.php?rest_route=\/wp\/v2\/users\/1"}],"replies":[{"embeddable":true,"href":"https:\/\/themexicopost.com\/index.php?rest_route=%2Fwp%2Fv2%2Fcomments&post=52871"}],"version-history":[{"count":1,"href":"https:\/\/themexicopost.com\/index.php?rest_route=\/wp\/v2\/posts\/52871\/revisions"}],"predecessor-version":[{"id":52873,"href":"https:\/\/themexicopost.com\/index.php?rest_route=\/wp\/v2\/posts\/52871\/revisions\/52873"}],"wp:featuredmedia":[{"embeddable":true,"href":"https:\/\/themexicopost.com\/index.php?rest_route=\/wp\/v2\/media\/52872"}],"wp:attachment":[{"href":"https:\/\/themexicopost.com\/index.php?rest_route=%2Fwp%2Fv2%2Fmedia&parent=52871"}],"wp:term":[{"taxonomy":"category","embeddable":true,"href":"https:\/\/themexicopost.com\/index.php?rest_route=%2Fwp%2Fv2%2Fcategories&post=52871"},{"taxonomy":"post_tag","embeddable":true,"href":"https:\/\/themexicopost.com\/index.php?rest_route=%2Fwp%2Fv2%2Ftags&post=52871"}],"curies":[{"name":"wp","href":"https:\/\/api.w.org\/{rel}","templated":true}]}}