{"id":54231,"date":"2025-03-04T14:26:46","date_gmt":"2025-03-04T14:26:46","guid":{"rendered":"https:\/\/themexicopost.com\/?p=54231"},"modified":"2025-03-04T14:26:49","modified_gmt":"2025-03-04T14:26:49","slug":"hombre-es-rescatado-tras-estar-dias-a-la-deriva-en-el-pacifico","status":"publish","type":"post","link":"https:\/\/themexicopost.com\/?p=54231","title":{"rendered":"Hombre es rescatado tras estar d\u00edas a la deriva en el Pac\u00edfico"},"content":{"rendered":"\n<figure class=\"wp-block-pullquote\"><blockquote><p>Aurimas Mockus, ciudadano lituano, se encontraba a 740 kil\u00f3metros al este de Mackay, Queensland.<\/p><\/blockquote><\/figure>\n\n\n\n<p class=\"has-drop-cap\">Un hombre a bordo de un peque\u00f1o bote fue rescatado en Australia tras pasar varios d\u00edas a la deriva en el Pac\u00edfico, golpeado por los vientos del cicl\u00f3n Alfred, seg\u00fan confirm\u00f3 la Autoridad de Seguridad Mar\u00edtima del pa\u00eds oce\u00e1nico.<br><\/p>\n\n\n\n<p>El hombre de nacionalidad lituana, que buscaba cruzar el Pac\u00edfico en solitario y a bordo de un peque\u00f1o bote de remos, se enfrent\u00f3 a vientos de 100 kil\u00f3metros por hora y olas de hasta siete metros de altura desde al menos el viernes, cuando las autoridades australianas recibieron una alerta de emergencia de la embarcaci\u00f3n.<br><\/p>\n\n\n\n<p>El ciudadano lituano, identificado como Aurimas Mockus, se encontraba en ese momento a unos 740 kil\u00f3metros al este de Mackay, Queensland.<br><\/p>\n\n\n\n<p>Desde entonces, AMSA intent\u00f3 acciones de rescate con el env\u00edo de aviones, que no pudieron avistar al remero en los primeros vuelos, y la posterior movilizaci\u00f3n de un barco de la Marina Real que naveg\u00f3 desde Brisbane.<br><\/p>\n\n\n\n<p>Una vez que las autoridades australianas establecieron comunicaci\u00f3n con la embarcaci\u00f3n, Mockus confirm\u00f3 que no hab\u00eda sufrido lesiones importantes, sin que se conozca todav\u00eda cu\u00e1ndo comenz\u00f3 su viaje desde San Diego, en Estados Unidos.<br><\/p>\n\n\n\n<p>Finalmente, tras haber sobrevivido a condiciones severas y mares agitados, el lituano fue rescatado este lunes en horas de la ma\u00f1ana por la Marina Real, que lo est\u00e1 trasladando hacia las costas de Australia.<br><\/p>\n\n\n\n<p>La traves\u00eda intentada por Mockus, completada por otros en el pasado, consiste en cruzar en solitario el Pac\u00edfico, en este caso navegando una distancia de unos 11,600 kil\u00f3metros, lo que requiere varios d\u00edas de trabajo y expone a quienes lo intentan a los embates de los ciclones tropicales.<\/p>\n","protected":false},"excerpt":{"rendered":"<p>Aurimas Mockus, ciudadano lituano, se encontraba a 740 kil\u00f3metros al este de Mackay, Queensland. Un hombre a bordo de un peque\u00f1o bote fue rescatado en Australia tras pasar varios d\u00edas a la deriva en el Pac\u00edfico, golpeado por los vientos del cicl\u00f3n Alfred, seg\u00fan confirm\u00f3 la Autoridad de Seguridad Mar\u00edtima del pa\u00eds oce\u00e1nico. El hombre [&hellip;]<\/p>\n","protected":false},"author":1,"featured_media":54232,"comment_status":"closed","ping_status":"closed","sticky":false,"template":"","format":"standard","meta":{"footnotes":""},"categories":[83,80],"tags":[],"class_list":["post-54231","post","type-post","status-publish","format-standard","has-post-thumbnail","hentry","category-destacado","category-mundo"],"_links":{"self":[{"href":"https:\/\/themexicopost.com\/index.php?rest_route=\/wp\/v2\/posts\/54231","targetHints":{"allow":["GET"]}}],"collection":[{"href":"https:\/\/themexicopost.com\/index.php?rest_route=\/wp\/v2\/posts"}],"about":[{"href":"https:\/\/themexicopost.com\/index.php?rest_route=\/wp\/v2\/types\/post"}],"author":[{"embeddable":true,"href":"https:\/\/themexicopost.com\/index.php?rest_route=\/wp\/v2\/users\/1"}],"replies":[{"embeddable":true,"href":"https:\/\/themexicopost.com\/index.php?rest_route=%2Fwp%2Fv2%2Fcomments&post=54231"}],"version-history":[{"count":1,"href":"https:\/\/themexicopost.com\/index.php?rest_route=\/wp\/v2\/posts\/54231\/revisions"}],"predecessor-version":[{"id":54233,"href":"https:\/\/themexicopost.com\/index.php?rest_route=\/wp\/v2\/posts\/54231\/revisions\/54233"}],"wp:featuredmedia":[{"embeddable":true,"href":"https:\/\/themexicopost.com\/index.php?rest_route=\/wp\/v2\/media\/54232"}],"wp:attachment":[{"href":"https:\/\/themexicopost.com\/index.php?rest_route=%2Fwp%2Fv2%2Fmedia&parent=54231"}],"wp:term":[{"taxonomy":"category","embeddable":true,"href":"https:\/\/themexicopost.com\/index.php?rest_route=%2Fwp%2Fv2%2Fcategories&post=54231"},{"taxonomy":"post_tag","embeddable":true,"href":"https:\/\/themexicopost.com\/index.php?rest_route=%2Fwp%2Fv2%2Ftags&post=54231"}],"curies":[{"name":"wp","href":"https:\/\/api.w.org\/{rel}","templated":true}]}}