{"id":54252,"date":"2025-03-04T14:43:43","date_gmt":"2025-03-04T14:43:43","guid":{"rendered":"https:\/\/themexicopost.com\/?p=54252"},"modified":"2025-03-04T14:43:44","modified_gmt":"2025-03-04T14:43:44","slug":"insiste-la-casa-blanca-que-a-mexico-lo-gobiernan-los-carteles","status":"publish","type":"post","link":"https:\/\/themexicopost.com\/?p=54252","title":{"rendered":"INSISTE LA CASA BLANCA QUE A M\u00c9XICO LO GOBIERNAN LOS C\u00c1RTELES"},"content":{"rendered":"\n<figure class=\"wp-block-pullquote\"><blockquote><p>Para el subjefe de gabinete y asesor de seguridad interior de la Casa Blanca, Stephen Miller, la crisis fronteriza no es \u00fanicamente un problema de seguridad nacional sino una misi\u00f3n militar.<\/p><\/blockquote><\/figure>\n\n\n\n<p class=\"has-drop-cap\">Stephen Miller, subjefe de gabinete del gobierno de Donald Trump, afirm\u00f3 que los c\u00e1rteles criminales controlan y gobiernan el territorio en M\u00e9xico y representan una amenaza continua, sostenida y terrible para Estados Unidos.<br><\/p>\n\n\n\n<p>Afirm\u00f3 que el gobierno estadunidense, seguir\u00e1 explorando todas las opciones necesarias para hacer frente a esa terrible amenaza, dijo a reporteros.<br><\/p>\n\n\n\n<p>El tambi\u00e9n asesor de seguridad interior asegur\u00f3 que la Bah\u00eda de Guant\u00e1namo se ha convertido en un pilar del plan del gobierno para lidiar con extranjeros criminales de alta amenaza.<br><\/p>\n\n\n\n<p>Subray\u00f3 que la crisis fronteriza no es solamente un problema de seguridad nacional, sino una misi\u00f3n militar en toda regla dirigida a organizaciones ahora formalmente designadas como amenazas terroristas extranjeras, en referencia a los c\u00e1rteles mexicanos.<br><\/p>\n\n\n\n<figure class=\"wp-block-image size-large\"><img fetchpriority=\"high\" decoding=\"async\" width=\"1024\" height=\"684\" src=\"https:\/\/themexicopost.com\/wp-content\/uploads\/2025\/03\/insiste-3-1024x684.jpg\" alt=\"\" class=\"wp-image-54255\" srcset=\"https:\/\/themexicopost.com\/wp-content\/uploads\/2025\/03\/insiste-3-1024x684.jpg 1024w, https:\/\/themexicopost.com\/wp-content\/uploads\/2025\/03\/insiste-3-300x201.jpg 300w, https:\/\/themexicopost.com\/wp-content\/uploads\/2025\/03\/insiste-3-768x513.jpg 768w, https:\/\/themexicopost.com\/wp-content\/uploads\/2025\/03\/insiste-3.jpg 1200w\" sizes=\"(max-width: 1024px) 100vw, 1024px\" \/><\/figure>\n\n\n\n<p>Destac\u00f3 Miller que esta clasificaci\u00f3n significa que el gobierno de Trump llevar\u00e1 a cabo operaciones de seguridad cooperativas entre las fuerzas del orden y las fuerzas armadas para eliminar estas amenazas de las comunidades estadounidenses.<br><\/p>\n\n\n\n<p>Elogi\u00f3 la reducci\u00f3n del 95% en los cruces de migrantes luego del despliegue de militares en la frontera y la aplicaci\u00f3n de nuevas estrategias contra los c\u00e1rteles y el contrabando.<br><\/p>\n\n\n\n<p>\u201cNunca encontrar\u00e1 un ejemplo de ninguna amenaza a las fuerzas del orden o a la seguridad nacional en el que se haya logrado un cambio tan r\u00e1pido de enfoque, estrategia y resultados\u201d, destac\u00f3 Miller.<br><\/p>\n\n\n\n<p>Y de manera temeraria, Miller describi\u00f3 que los detenidos en Guant\u00e1namo son tan peligrosos que si estuvieran tan cerca como estamos nosotros ahora, y tuvieran la capacidad de agarrar un objeto afilado, matar\u00edan a la persona que est\u00e1 a esa distancia en medio segundo.<br><\/p>\n\n\n\n<p>Explic\u00f3 que sin un control f\u00edsico constante, les das un par de anteojos, romper\u00edan un pedazo del anteojos y apu\u00f1alar\u00edan a alguien directamente en el cuello.<br><\/p>\n\n\n\n<figure class=\"wp-block-image size-large\"><img decoding=\"async\" width=\"1024\" height=\"684\" src=\"https:\/\/themexicopost.com\/wp-content\/uploads\/2025\/03\/insiste-4-1024x684.jpg\" alt=\"\" class=\"wp-image-54256\" srcset=\"https:\/\/themexicopost.com\/wp-content\/uploads\/2025\/03\/insiste-4-1024x684.jpg 1024w, https:\/\/themexicopost.com\/wp-content\/uploads\/2025\/03\/insiste-4-300x201.jpg 300w, https:\/\/themexicopost.com\/wp-content\/uploads\/2025\/03\/insiste-4-768x513.jpg 768w, https:\/\/themexicopost.com\/wp-content\/uploads\/2025\/03\/insiste-4.jpg 1200w\" sizes=\"(max-width: 1024px) 100vw, 1024px\" \/><\/figure>\n\n\n\n<p>Miller elogi\u00f3 a Trump como el mejor orador que hemos tenido en la Oficina Oval y caracteriz\u00f3 el primer mes de la administraci\u00f3n como logros y logros sin precedentes que han establecido r\u00e9cords y que han hecho de esta la apertura m\u00e1s exitosa de cualquier presidencia que hayamos visto en la historia estadounidense.<br><\/p>\n\n\n\n<p>A pesar de los avances significativos en la frontera, Miller advirti\u00f3 que los c\u00e1rteles criminales controlan y gobiernan\u2026 el territorio en M\u00e9xico y representan una amenaza continua, sostenida y terrible para los Estados Unidos.<br><\/p>\n\n\n\n<p>En quiz\u00e1s la declaraci\u00f3n m\u00e1s siniestra de la sesi\u00f3n informativa, concluy\u00f3 que el gobierno estadounidense bajo el liderazgo del presidente Trump seguir\u00e1 explorando todas las opciones necesarias para hacer frente a esa terrible amenaza, lo que sugiere que es posible que se adopten medidas a\u00fan m\u00e1s dr\u00e1sticas.<br><\/p>\n\n\n\n<p>Con este informe exclusivo de la Casa Blanca se proporciona una visi\u00f3n sin precedentes de la estrategia de seguridad nacional de la administraci\u00f3n y prepara el escenario para lo que promete ser un discurso trascendental sobre el Estado de la Uni\u00f3n ma\u00f1ana por la noche.<br><\/p>\n\n\n\n<p>En la v\u00edspera del discurso sobre el Estado de la Uni\u00f3n que pronunciar\u00e1 el presidente, Miller elogi\u00f3 a Trump como el mejor orador que hemos tenido en la Oficina Oval y caracteriz\u00f3 el primer mes de su gobierno como logros y realizaciones sin precedentes que han hecho de esta la apertura m\u00e1s exitosa de cualquier presidencia que hayamos visto en la historia estadunidense.<\/p>\n\n\n\n<figure class=\"wp-block-image size-large\"><img decoding=\"async\" width=\"1024\" height=\"684\" src=\"https:\/\/themexicopost.com\/wp-content\/uploads\/2025\/03\/insiste-1024x684.jpg\" alt=\"\" class=\"wp-image-54257\" srcset=\"https:\/\/themexicopost.com\/wp-content\/uploads\/2025\/03\/insiste-1024x684.jpg 1024w, https:\/\/themexicopost.com\/wp-content\/uploads\/2025\/03\/insiste-300x201.jpg 300w, https:\/\/themexicopost.com\/wp-content\/uploads\/2025\/03\/insiste-768x513.jpg 768w, https:\/\/themexicopost.com\/wp-content\/uploads\/2025\/03\/insiste.jpg 1200w\" sizes=\"(max-width: 1024px) 100vw, 1024px\" \/><\/figure>\n","protected":false},"excerpt":{"rendered":"<p>Para el subjefe de gabinete y asesor de seguridad interior de la Casa Blanca, Stephen Miller, la crisis fronteriza no es \u00fanicamente un problema de seguridad nacional sino una misi\u00f3n militar.<\/p>\n","protected":false},"author":1,"featured_media":54253,"comment_status":"closed","ping_status":"closed","sticky":false,"template":"","format":"standard","meta":{"footnotes":""},"categories":[83,80,81,85],"tags":[],"class_list":["post-54252","post","type-post","status-publish","format-standard","has-post-thumbnail","hentry","category-destacado","category-mundo","category-nacional","category-portada"],"_links":{"self":[{"href":"https:\/\/themexicopost.com\/index.php?rest_route=\/wp\/v2\/posts\/54252","targetHints":{"allow":["GET"]}}],"collection":[{"href":"https:\/\/themexicopost.com\/index.php?rest_route=\/wp\/v2\/posts"}],"about":[{"href":"https:\/\/themexicopost.com\/index.php?rest_route=\/wp\/v2\/types\/post"}],"author":[{"embeddable":true,"href":"https:\/\/themexicopost.com\/index.php?rest_route=\/wp\/v2\/users\/1"}],"replies":[{"embeddable":true,"href":"https:\/\/themexicopost.com\/index.php?rest_route=%2Fwp%2Fv2%2Fcomments&post=54252"}],"version-history":[{"count":1,"href":"https:\/\/themexicopost.com\/index.php?rest_route=\/wp\/v2\/posts\/54252\/revisions"}],"predecessor-version":[{"id":54258,"href":"https:\/\/themexicopost.com\/index.php?rest_route=\/wp\/v2\/posts\/54252\/revisions\/54258"}],"wp:featuredmedia":[{"embeddable":true,"href":"https:\/\/themexicopost.com\/index.php?rest_route=\/wp\/v2\/media\/54253"}],"wp:attachment":[{"href":"https:\/\/themexicopost.com\/index.php?rest_route=%2Fwp%2Fv2%2Fmedia&parent=54252"}],"wp:term":[{"taxonomy":"category","embeddable":true,"href":"https:\/\/themexicopost.com\/index.php?rest_route=%2Fwp%2Fv2%2Fcategories&post=54252"},{"taxonomy":"post_tag","embeddable":true,"href":"https:\/\/themexicopost.com\/index.php?rest_route=%2Fwp%2Fv2%2Ftags&post=54252"}],"curies":[{"name":"wp","href":"https:\/\/api.w.org\/{rel}","templated":true}]}}