{"id":57062,"date":"2025-04-09T22:23:11","date_gmt":"2025-04-09T22:23:11","guid":{"rendered":"https:\/\/themexicopost.com\/?p=57062"},"modified":"2025-06-26T03:31:05","modified_gmt":"2025-06-26T09:31:05","slug":"trump-justifica-la-pausa-arancelaria","status":"publish","type":"post","link":"https:\/\/themexicopost.com\/?p=57062","title":{"rendered":"TRUMP JUSTIFICA LA PAUSA ARANCELARIA"},"content":{"rendered":"\n<p>El presidente de EU, Donald J. Trump, justific\u00f3 la pausa arancelaria de 90 d\u00edas que ha decidido para los pa\u00edses que no han tomado represalias comerciales contra EU se\u00f1al\u00f3 que &#8220;la gente se estaba asustando un poco&#8221;.<br><\/p>\n","protected":false},"excerpt":{"rendered":"<p>El presidente de EU, Donald J. Trump, justific\u00f3 la pausa arancelaria de 90 d\u00edas que ha decidido para los pa\u00edses que no han tomado represalias comerciales contra EU se\u00f1al\u00f3 que &#8220;la gente se estaba asustando un poco&#8221;.<\/p>\n","protected":false},"author":2,"featured_media":57063,"comment_status":"closed","ping_status":"closed","sticky":false,"template":"","format":"standard","meta":{"footnotes":""},"categories":[80],"tags":[],"class_list":["post-57062","post","type-post","status-publish","format-standard","has-post-thumbnail","hentry","category-mundo"],"_links":{"self":[{"href":"https:\/\/themexicopost.com\/index.php?rest_route=\/wp\/v2\/posts\/57062","targetHints":{"allow":["GET"]}}],"collection":[{"href":"https:\/\/themexicopost.com\/index.php?rest_route=\/wp\/v2\/posts"}],"about":[{"href":"https:\/\/themexicopost.com\/index.php?rest_route=\/wp\/v2\/types\/post"}],"author":[{"embeddable":true,"href":"https:\/\/themexicopost.com\/index.php?rest_route=\/wp\/v2\/users\/2"}],"replies":[{"embeddable":true,"href":"https:\/\/themexicopost.com\/index.php?rest_route=%2Fwp%2Fv2%2Fcomments&post=57062"}],"version-history":[{"count":1,"href":"https:\/\/themexicopost.com\/index.php?rest_route=\/wp\/v2\/posts\/57062\/revisions"}],"predecessor-version":[{"id":57064,"href":"https:\/\/themexicopost.com\/index.php?rest_route=\/wp\/v2\/posts\/57062\/revisions\/57064"}],"wp:featuredmedia":[{"embeddable":true,"href":"https:\/\/themexicopost.com\/index.php?rest_route=\/wp\/v2\/media\/57063"}],"wp:attachment":[{"href":"https:\/\/themexicopost.com\/index.php?rest_route=%2Fwp%2Fv2%2Fmedia&parent=57062"}],"wp:term":[{"taxonomy":"category","embeddable":true,"href":"https:\/\/themexicopost.com\/index.php?rest_route=%2Fwp%2Fv2%2Fcategories&post=57062"},{"taxonomy":"post_tag","embeddable":true,"href":"https:\/\/themexicopost.com\/index.php?rest_route=%2Fwp%2Fv2%2Ftags&post=57062"}],"curies":[{"name":"wp","href":"https:\/\/api.w.org\/{rel}","templated":true}]}}