{"id":57231,"date":"2025-04-11T14:18:06","date_gmt":"2025-04-11T14:18:06","guid":{"rendered":"https:\/\/themexicopost.com\/?p=57231"},"modified":"2025-06-26T03:36:08","modified_gmt":"2025-06-26T09:36:08","slug":"pausa-la-union-europea-los-aranceles-contra-estados-unidos","status":"publish","type":"post","link":"https:\/\/themexicopost.com\/?p=57231","title":{"rendered":"Pausa la Uni\u00f3n Europea los aranceles contra Estados Unidos"},"content":{"rendered":"\n<figure class=\"wp-block-pullquote\"><blockquote><p>Advirti\u00f3 que buscan dar una oportunidad a las negociaciones, mientras se finaliza la adopci\u00f3n de las contramedidas de la Uni\u00f3n Europea que tuvieron un fuerte apoyo a los estados miembros<\/p><\/blockquote><\/figure>\n\n\n\n<p class=\"has-drop-cap\">Ursula von der Leyen, presidenta de la Comisi\u00f3n Europea, inform\u00f3 que las medidas retaliatorias que la Uni\u00f3n Europea hab\u00eda impuesto sobre productos agr\u00edcolas, textiles y otros bienes estadounidenses ser\u00e1n retrasadas por 90 d\u00edas en tanto que el bloque de 27 pa\u00edses negocia con Estados Unidos.<br><\/p>\n\n\n\n<p>Advirti\u00f3 que buscan dar una oportunidad a las negociaciones, mientras se finaliza la adopci\u00f3n de las contramedidas de la Uni\u00f3n Europea que tuvieron un fuerte apoyo a los estados miembros, por lo que se pondr\u00e1n en pausa por 90 d\u00edas. &#8220;Si las negociaciones no son satisfactorias, las represalias entrar\u00e1n en efecto\u201d, advirti\u00f3 la funcionaria europea.<br><\/p>\n\n\n\n<p>Despu\u00e9s de un mes de analizar los efectos de los aranceles del 25% impuestos por el gobierno estadounidense en acero, aluminio y sus derivados, la Uni\u00f3n Europea respondi\u00f3 el pasado 9 de abril con sus propias barreras comerciales a una variedad de bienes estadounidenses, producidos en su mayor\u00eda en estados mayormente republicanos, cuyo valor en 2024 fue de 21 mil millones de euros en 2024.<br><\/p>\n\n\n\n<p>La Uni\u00f3n Europea puntualiz\u00f3 que la primera ronda de aranceles eran en respuesta al impuesto anunciado en marzo sobre productos sider\u00fargicos y que continuaban analizando una respuesta al resto de grav\u00e1menes propuestos por Washington, actualmente Von der Leyen se\u00f1ala que todas las opciones est\u00e1n sobre la mesa, pues Bruselas contin\u00faa trabajando en conjunto con los 27 pa\u00edses del organismo supranacional para moldear una respuesta en caso de que las negociaciones no sean satisfactorias.<br><\/p>\n\n\n\n<p>La presidenta de la Comisi\u00f3n Europea hab\u00eda ofrecido a Washington cero por ciento de aranceles en bienes industriales, que incluir\u00eda maquinaria, consumibles y productos farmac\u00e9uticos, con el objetivo de mantener trabajando las cadenas de suministro; en esa ocasi\u00f3n el presidente estadounidense no se mostr\u00f3 receptivo a las propuestas europeas.<\/p>\n","protected":false},"excerpt":{"rendered":"<p>Advirti\u00f3 que buscan dar una oportunidad a las negociaciones, mientras se finaliza la adopci\u00f3n de las contramedidas de la Uni\u00f3n Europea que tuvieron un fuerte apoyo a los estados miembros Ursula von der Leyen, presidenta de la Comisi\u00f3n Europea, inform\u00f3 que las medidas retaliatorias que la Uni\u00f3n Europea hab\u00eda impuesto sobre productos agr\u00edcolas, textiles y [&hellip;]<\/p>\n","protected":false},"author":1,"featured_media":57232,"comment_status":"closed","ping_status":"closed","sticky":false,"template":"","format":"standard","meta":{"footnotes":""},"categories":[83,80,85],"tags":[],"class_list":["post-57231","post","type-post","status-publish","format-standard","has-post-thumbnail","hentry","category-destacado","category-mundo","category-portada"],"_links":{"self":[{"href":"https:\/\/themexicopost.com\/index.php?rest_route=\/wp\/v2\/posts\/57231","targetHints":{"allow":["GET"]}}],"collection":[{"href":"https:\/\/themexicopost.com\/index.php?rest_route=\/wp\/v2\/posts"}],"about":[{"href":"https:\/\/themexicopost.com\/index.php?rest_route=\/wp\/v2\/types\/post"}],"author":[{"embeddable":true,"href":"https:\/\/themexicopost.com\/index.php?rest_route=\/wp\/v2\/users\/1"}],"replies":[{"embeddable":true,"href":"https:\/\/themexicopost.com\/index.php?rest_route=%2Fwp%2Fv2%2Fcomments&post=57231"}],"version-history":[{"count":1,"href":"https:\/\/themexicopost.com\/index.php?rest_route=\/wp\/v2\/posts\/57231\/revisions"}],"predecessor-version":[{"id":57233,"href":"https:\/\/themexicopost.com\/index.php?rest_route=\/wp\/v2\/posts\/57231\/revisions\/57233"}],"wp:featuredmedia":[{"embeddable":true,"href":"https:\/\/themexicopost.com\/index.php?rest_route=\/wp\/v2\/media\/57232"}],"wp:attachment":[{"href":"https:\/\/themexicopost.com\/index.php?rest_route=%2Fwp%2Fv2%2Fmedia&parent=57231"}],"wp:term":[{"taxonomy":"category","embeddable":true,"href":"https:\/\/themexicopost.com\/index.php?rest_route=%2Fwp%2Fv2%2Fcategories&post=57231"},{"taxonomy":"post_tag","embeddable":true,"href":"https:\/\/themexicopost.com\/index.php?rest_route=%2Fwp%2Fv2%2Ftags&post=57231"}],"curies":[{"name":"wp","href":"https:\/\/api.w.org\/{rel}","templated":true}]}}