{"id":57507,"date":"2025-04-16T13:15:46","date_gmt":"2025-04-16T13:15:46","guid":{"rendered":"https:\/\/themexicopost.com\/?p=57507"},"modified":"2025-06-26T03:43:50","modified_gmt":"2025-06-26T09:43:50","slug":"otan-reafirma-su-apoyo-a-ucrania-durante-su-visita-a-odesa","status":"publish","type":"post","link":"https:\/\/themexicopost.com\/?p=57507","title":{"rendered":"OTAN reafirma su apoyo a Ucrania durante su visita a Odesa"},"content":{"rendered":"\n<figure class=\"wp-block-pullquote\"><blockquote><p>&#8220;Estoy aqu\u00ed hoy porque creo que el pueblo ucraniano merece paz verdadera, seguridad real en su pa\u00eds, en sus hogares&#8221;, declar\u00f3 Mark Rutte.<\/p><\/blockquote><\/figure>\n\n\n\n<p class=\"has-drop-cap\">El apoyo de la OTAN a Ucrania se mantiene inquebrantable, declar\u00f3 el secretario general de la alianza, enfatizando que los aliados de la OTAN ya han prometido m\u00e1s de 20.000 millones de euros (m\u00e1s de 22.000 millones de d\u00f3lares) en asistencia para la seguridad en los primeros tres meses del a\u00f1o.<br><\/p>\n\n\n\n<p>Mark Rutte habl\u00f3 en la ciudad portuaria ucraniana de Odesa, donde se reuni\u00f3 con el presidente Volodymyr Zelenskyy.<br><\/p>\n\n\n\n<p>Su visita se produjo d\u00edas despu\u00e9s de que dos misiles bal\u00edsticos rusos impactaran la ciudad de Sumy la ma\u00f1ana del Domingo de Ramos, causando la muerte de al menos 35 personas, incluidos dos ni\u00f1os, y heridas a 119.<br><\/p>\n\n\n\n<p>El ataque a la ciudad nororiental, a unos 30 kil\u00f3metros de la frontera de Ucrania con Rusia, marc\u00f3 el segundo ataque a gran escala en poco m\u00e1s de una semana que caus\u00f3 un n\u00famero significativo de v\u00edctimas civiles. A principios de este mes, unas 20 personas murieron, incluidos nueve ni\u00f1os, tras el impacto de un misil bal\u00edstico ruso en Kriv\u00f3i Rog, la ciudad natal de Zelenski, el 4 de abril.<br><\/p>\n\n\n\n<p>&#8220;Estoy aqu\u00ed hoy porque creo que el pueblo ucraniano merece paz verdadera, seguridad real en su pa\u00eds, en sus hogares&#8221;, declar\u00f3 Rutte durante una conferencia de prensa conjunta con Zelenski. Ambos se reunieron con soldados ucranianos heridos en un hospital de Odesa.<br><\/p>\n\n\n\n<p>Este es el primer viaje de Rutte a Ucrania desde que el presidente estadounidense, Donald Trump, asumi\u00f3 el liderazgo de las negociaciones de alto el fuego entre Kiev y Mosc\u00fa, que han incluido varias rondas de conversaciones en Arabia Saudita.<br><\/p>\n\n\n\n<p>Ucrania ha respaldado el acuerdo de alto el fuego m\u00e1s amplio propuesto por Estados Unidos, aunque Rusia ha frenado el proceso al imponer condiciones de gran alcance.<br><\/p>\n\n\n\n<p>Mientras tanto, Ucrania y sus socios europeos contin\u00faan desarrollando la infraestructura para la &#8220;coalici\u00f3n de la voluntad&#8221;, que se espera act\u00fae como garant\u00eda de seguridad a largo plazo para disuadir futuras agresiones rusas tras la entrada en vigor de un alto el fuego.<br><\/p>\n\n\n\n<p>En medio de la incertidumbre y las advertencias de Estados Unidos de que Europa debe cuidar de su propia seguridad y de la de Ucrania en el futuro, la fuerza multinacional se considera una primera prueba de la voluntad del continente para defenderse a s\u00ed misma y a sus intereses.<br><\/p>\n\n\n\n<p>Zelenski afirm\u00f3 que Turqu\u00eda podr\u00eda desempe\u00f1ar un papel importante en la provisi\u00f3n de futuras garant\u00edas de seguridad para Ucrania en el Mar Negro.<br><\/p>\n\n\n\n<p>A\u00f1adi\u00f3 que representantes militares de Ucrania, Francia, el Reino Unido y Turqu\u00eda est\u00e1n debatiendo la presencia de un contingente militar en el Mar Negro como parte de dichas garant\u00edas.<br><\/p>\n\n\n\n<p>La reuni\u00f3n en Turqu\u00eda se celebra menos de un mes despu\u00e9s de que Estados Unidos anunciara que Rusia y Ucrania hab\u00edan acordado eliminar el uso de la fuerza en el Mar Negro. Sin embargo, a\u00fan quedan detalles clave por resolver, y el Kremlin ha vinculado el acuerdo al levantamiento de ciertas sanciones occidentales.<br><\/p>\n\n\n\n<p>Al comentar sobre las negociaciones en curso con EE. UU. sobre un borrador revisado de un acuerdo que le dar\u00eda acceso a los valiosos recursos minerales de Ucrania, Zelenskyy calific\u00f3 las conversaciones t\u00e9cnicas de la semana pasada en Washington como positivas, y se esperan m\u00e1s consultas en los pr\u00f3ximos d\u00edas.<br><\/p>\n\n\n\n<p>Afirm\u00f3 que la reuni\u00f3n fue una sesi\u00f3n t\u00e9cnica para equipos de expertos y que \u201cambas partes la concluyeron con una nota positiva\u201d. Zelenskyy a\u00f1adi\u00f3 que las conversaciones, tanto en l\u00ednea como presenciales, continuar\u00e1n durante toda la semana y, una vez que los equipos est\u00e9n listos, presentar\u00e1n los resultados de su trabajo.<br><\/p>\n\n\n\n<p>Mientras tanto, los residentes de Sumy segu\u00edan de luto por sus seres queridos fallecidos en el ataque del domingo. Entre los fallecidos se encontraba Olena Kohut, pianista y organista solista de la filarm\u00f3nica regional, y se celebr\u00f3 una ceremonia de despedida en el teatro local donde sol\u00eda actuar.<br><\/p>\n\n\n\n<p>Decenas de personas acudieron a despedir a la talentosa m\u00fasica y profesora de piano, quien falleci\u00f3 mientras se dirig\u00eda a los ensayos. Los dolientes lloraron, sosteniendo rosas rojas, mientras se acercaban a su ata\u00fad en el teatro local donde ense\u00f1aba piano y asesoraba a j\u00f3venes m\u00fasicos. La multitud aplaudi\u00f3 en se\u00f1al de respeto mientras su ata\u00fad era retirado y se perd\u00eda de vista.<\/p>\n\n\n\n<p><\/p>\n","protected":false},"excerpt":{"rendered":"<p>&#8220;Estoy aqu\u00ed hoy porque creo que el pueblo ucraniano merece paz verdadera, seguridad real en su pa\u00eds, en sus hogares&#8221;, declar\u00f3 Mark Rutte. El apoyo de la OTAN a Ucrania se mantiene inquebrantable, declar\u00f3 el secretario general de la alianza, enfatizando que los aliados de la OTAN ya han prometido m\u00e1s de 20.000 millones de [&hellip;]<\/p>\n","protected":false},"author":1,"featured_media":57508,"comment_status":"closed","ping_status":"closed","sticky":false,"template":"","format":"standard","meta":{"footnotes":""},"categories":[83,80],"tags":[],"class_list":["post-57507","post","type-post","status-publish","format-standard","has-post-thumbnail","hentry","category-destacado","category-mundo"],"_links":{"self":[{"href":"https:\/\/themexicopost.com\/index.php?rest_route=\/wp\/v2\/posts\/57507","targetHints":{"allow":["GET"]}}],"collection":[{"href":"https:\/\/themexicopost.com\/index.php?rest_route=\/wp\/v2\/posts"}],"about":[{"href":"https:\/\/themexicopost.com\/index.php?rest_route=\/wp\/v2\/types\/post"}],"author":[{"embeddable":true,"href":"https:\/\/themexicopost.com\/index.php?rest_route=\/wp\/v2\/users\/1"}],"replies":[{"embeddable":true,"href":"https:\/\/themexicopost.com\/index.php?rest_route=%2Fwp%2Fv2%2Fcomments&post=57507"}],"version-history":[{"count":1,"href":"https:\/\/themexicopost.com\/index.php?rest_route=\/wp\/v2\/posts\/57507\/revisions"}],"predecessor-version":[{"id":57509,"href":"https:\/\/themexicopost.com\/index.php?rest_route=\/wp\/v2\/posts\/57507\/revisions\/57509"}],"wp:featuredmedia":[{"embeddable":true,"href":"https:\/\/themexicopost.com\/index.php?rest_route=\/wp\/v2\/media\/57508"}],"wp:attachment":[{"href":"https:\/\/themexicopost.com\/index.php?rest_route=%2Fwp%2Fv2%2Fmedia&parent=57507"}],"wp:term":[{"taxonomy":"category","embeddable":true,"href":"https:\/\/themexicopost.com\/index.php?rest_route=%2Fwp%2Fv2%2Fcategories&post=57507"},{"taxonomy":"post_tag","embeddable":true,"href":"https:\/\/themexicopost.com\/index.php?rest_route=%2Fwp%2Fv2%2Ftags&post=57507"}],"curies":[{"name":"wp","href":"https:\/\/api.w.org\/{rel}","templated":true}]}}