{"id":57513,"date":"2025-04-16T13:31:29","date_gmt":"2025-04-16T13:31:29","guid":{"rendered":"https:\/\/themexicopost.com\/?p=57513"},"modified":"2025-06-26T03:43:44","modified_gmt":"2025-06-26T09:43:44","slug":"aprueban-190-paises-el-primer-tratado-global-sobre-pandemias","status":"publish","type":"post","link":"https:\/\/themexicopost.com\/?p=57513","title":{"rendered":"Aprueban 190 pa\u00edses el primer tratado global sobre pandemias"},"content":{"rendered":"\n<figure class=\"wp-block-pullquote\"><blockquote><p>Tedros Adhanom celebr\u00f3 que los pa\u00edses acordaran despu\u00e9s de m\u00e1s de tres a\u00f1os de negociaciones un tratado que preparar\u00e1 al mundo para futuras pandemias.<\/p><\/blockquote><\/figure>\n\n\n\n<p class=\"has-drop-cap\">Fueron m\u00e1s de 190 pa\u00edses los que consiguieron adoptar el primer tratado global sobre pandemias de la historia en el marco de negociaciones en la Organizaci\u00f3n Mundial de la Salud (OMS) y tras tres a\u00f1os de arduas deliberaciones.<br><\/p>\n\n\n\n<p>Este acuerdo internacional ayudar\u00e1 a una mejor coordinaci\u00f3n entre los pa\u00edses y a un reparto m\u00e1s equitativo de los recursos disponibles para enfrentar la pr\u00f3xima pandemia, que los cient\u00edficos concuerdan en que ocurrir\u00e1 tarde o temprano con alg\u00fan nuevo pat\u00f3geno.<br><\/p>\n\n\n\n<p>El acuerdo ofrece los principales lineamientos para que a los niveles nacional e internacional se desarrollen mecanismos de prevenci\u00f3n, de preparaci\u00f3n y de respuesta a futuras pandemias, con un \u00e9nfasis en aspectos como la solidaridad y reciprocidad, aunque no en la medida que los pa\u00edses de desarrollo medio y bajo esperaban.<br><\/p>\n\n\n\n<p>Varios diplom\u00e1ticos que participaron en el \u00faltimo tramo de las negociaciones, que incluy\u00f3 sesiones marat\u00f3nicas de hasta 24 horas ininterrumpidas, lamentaron que gran parte de los compromisos asumidos en el acuerdo sean de car\u00e1cter voluntario, pero explicaron que estaban ante la disyuntiva de \u201caceptar lo que hay sobre la mesa o irnos con las manos vac\u00edas\u201d.<br><\/p>\n\n\n\n<p>Estas negociaciones han sido vistas como una oportunidad de mostrar unidad internacional y apoyo al multilateralismo en momentos en que la OMS enfrenta uno de los momentos m\u00e1s dif\u00edciles de sus 75 a\u00f1os de su existencia por el retiro de Estados Unidos y la p\u00e9rdida de los considerables recursos que este pa\u00eds le destinaba.<br><\/p>\n\n\n\n<p>El acuerdo crea una red global de cadena de suministro y log\u00edstica para intentar asegurar un acceso equitativo, r\u00e1pido y asequible a los productos como medicinas, vacunas, material m\u00e9dico, entre otros destinados no solo a enfrentar y controlar una pandemia, sino necesarios tambi\u00e9n en situaciones de crisis humanitarias.<br><\/p>\n\n\n\n<p>El prop\u00f3sito es que haya transparencia en toda esa cadena y coordinar las reservas internacionales que existan, lo que se complementa con otro art\u00edculo, que plantea que los pa\u00edses no deben realizar \u201creservas nacionales excesivas\u201d de productos vitales para frenar una pandemia.<br><\/p>\n\n\n\n<p>Asimismo, el tratado establece un nuevo mecanismo de acceso y participaci\u00f3n en los beneficios que se obtengan de los pat\u00f3genos compartidos en un sistema existente y que gestiona la OMS.<br><\/p>\n\n\n\n<p>El director general de la Organizaci\u00f3n Mundial de la Salud, Tedros Adhanom Ghebreyesus, celebr\u00f3 que los pa\u00edses miembros del organismo hayan acordado despu\u00e9s de m\u00e1s de tres a\u00f1os de negociaciones un tratado que preparar\u00e1 al mundo para futuras pandemias, subrayando que \u201cse ha hecho historia en Ginebra\u201d.<br><\/p>\n\n\n\n<p>\u201cEra necesario lograr un consenso multilateral en un mundo crecientemente dividido\u201d, indic\u00f3 Tedros a los periodistas en los m\u00e1rgenes del d\u00eda final de negociaciones.<br><\/p>\n\n\n\n<p>Tedros opin\u00f3 que se ha conseguido un texto \u201cequilibrado\u201d en temas especialmente complicados durante las negociaciones, como el de la transferencia de tecnolog\u00eda relacionada con los productos para combatir una pandemia.<\/p>\n","protected":false},"excerpt":{"rendered":"<p>Tedros Adhanom celebr\u00f3 que los pa\u00edses acordaran despu\u00e9s de m\u00e1s de tres a\u00f1os de negociaciones un tratado que preparar\u00e1 al mundo para futuras pandemias. Fueron m\u00e1s de 190 pa\u00edses los que consiguieron adoptar el primer tratado global sobre pandemias de la historia en el marco de negociaciones en la Organizaci\u00f3n Mundial de la Salud (OMS) [&hellip;]<\/p>\n","protected":false},"author":1,"featured_media":57514,"comment_status":"closed","ping_status":"closed","sticky":false,"template":"","format":"standard","meta":{"footnotes":""},"categories":[83,80],"tags":[],"class_list":["post-57513","post","type-post","status-publish","format-standard","has-post-thumbnail","hentry","category-destacado","category-mundo"],"_links":{"self":[{"href":"https:\/\/themexicopost.com\/index.php?rest_route=\/wp\/v2\/posts\/57513","targetHints":{"allow":["GET"]}}],"collection":[{"href":"https:\/\/themexicopost.com\/index.php?rest_route=\/wp\/v2\/posts"}],"about":[{"href":"https:\/\/themexicopost.com\/index.php?rest_route=\/wp\/v2\/types\/post"}],"author":[{"embeddable":true,"href":"https:\/\/themexicopost.com\/index.php?rest_route=\/wp\/v2\/users\/1"}],"replies":[{"embeddable":true,"href":"https:\/\/themexicopost.com\/index.php?rest_route=%2Fwp%2Fv2%2Fcomments&post=57513"}],"version-history":[{"count":1,"href":"https:\/\/themexicopost.com\/index.php?rest_route=\/wp\/v2\/posts\/57513\/revisions"}],"predecessor-version":[{"id":57515,"href":"https:\/\/themexicopost.com\/index.php?rest_route=\/wp\/v2\/posts\/57513\/revisions\/57515"}],"wp:featuredmedia":[{"embeddable":true,"href":"https:\/\/themexicopost.com\/index.php?rest_route=\/wp\/v2\/media\/57514"}],"wp:attachment":[{"href":"https:\/\/themexicopost.com\/index.php?rest_route=%2Fwp%2Fv2%2Fmedia&parent=57513"}],"wp:term":[{"taxonomy":"category","embeddable":true,"href":"https:\/\/themexicopost.com\/index.php?rest_route=%2Fwp%2Fv2%2Fcategories&post=57513"},{"taxonomy":"post_tag","embeddable":true,"href":"https:\/\/themexicopost.com\/index.php?rest_route=%2Fwp%2Fv2%2Ftags&post=57513"}],"curies":[{"name":"wp","href":"https:\/\/api.w.org\/{rel}","templated":true}]}}