{"id":57591,"date":"2025-04-17T12:59:15","date_gmt":"2025-04-17T12:59:15","guid":{"rendered":"https:\/\/themexicopost.com\/?p=57591"},"modified":"2025-06-26T03:46:08","modified_gmt":"2025-06-26T09:46:08","slug":"brote-de-fiebre-amarilla-en-colombia-provoca-que-petro-decrete-emergencia-economica-y-sanitaria","status":"publish","type":"post","link":"https:\/\/themexicopost.com\/?p=57591","title":{"rendered":"Brote de fiebre amarilla en Colombia provoca que Petro decrete emergencia econ\u00f3mica y sanitaria"},"content":{"rendered":"\n<figure class=\"wp-block-pullquote\"><blockquote><p>El mandatario colombiano se\u00f1al\u00f3 que, si bien existe vacuna para prevenirla, la crisis clim\u00e1tica puede hacer que el mosquito llegue a Bogot\u00e1.<\/p><\/blockquote><\/figure>\n\n\n\n<p class=\"has-drop-cap\">El presidente de Colombia, Gustavo Petro, anunci\u00f3 que decretar\u00e1 la emergencia econ\u00f3mica y la sanitaria en el pa\u00eds debido a un brote de fiebre amarilla.<br><\/p>\n\n\n\n<p>&#8220;Voy a decretar la emergencia econ\u00f3mica, despu\u00e9s de la sanitaria. Pero no por lo que dicen los contrabandistas, lavadores y petroleros que son los que vienen dominando la pol\u00edtica econ\u00f3mica de Colombia, sino por algo simple y contundente: la vida. Estamos de nuevo ante un virus. Se trata del virus de la fiebre amarilla desatado por el mosquito hembra llamado &#8216;Aedes Aegypti'&#8221;, declar\u00f3 en su cuenta de la red social X.<br><\/p>\n\n\n\n<p>El mandatario colombiano se\u00f1al\u00f3 que, si bien existe vacuna para prevenirla, la crisis clim\u00e1tica puede hacer que el mosquito llegue a Bogot\u00e1.<br><\/p>\n\n\n\n<p>&#8220;El mosquito en una ciudad es m\u00e1s peligroso que en una selva porque se dispara la cantidad de personas que pueden ser contagiadas por la densidad poblacional&#8221;, explic\u00f3, tras alertar de que &#8220;tiene una mortalidad del 50%&#8221;.<br><\/p>\n\n\n\n<p>Mencion\u00f3 que existen 74 casos humanos descubiertos, adem\u00e1s han muerto 32 personas en Tolima, destacando tambi\u00e9n que se han vacunado a m\u00e1s 200 mil personas.<br><\/p>\n\n\n\n<p>Petro ha criticado a la gobernadora del Tolima, Adriana Matiz, de quien ha dicho no nos ha ayudado, y no ha girado dineros de la gobernaci\u00f3n para ayudar a detener el virus.<br><\/p>\n\n\n\n<p>Tambi\u00e9n se ha mostrado preocupado porque las autoridades de la capital colombiana no han querido configurar los equipos b\u00e1sicos de salud que son imprescindibles para hacer una vacunaci\u00f3n r\u00e1pida en toda la ciudad.<br><\/p>\n\n\n\n<p>Asegur\u00f3 que el Ejecutivo usar\u00e1 toda la experiencia preventiva que tenemos en el pa\u00eds y en el mundo. La prevenci\u00f3n es lo primero y ha sido anulada en Colombia. Pero en estos dos a\u00f1os se ha construido una gran red nacional y creo que ser\u00e1 capaz de asumir el reto, ha concluido.<\/p>\n","protected":false},"excerpt":{"rendered":"<p>El mandatario colombiano se\u00f1al\u00f3 que, si bien existe vacuna para prevenirla, la crisis clim\u00e1tica puede hacer que el mosquito llegue a Bogot\u00e1. El presidente de Colombia, Gustavo Petro, anunci\u00f3 que decretar\u00e1 la emergencia econ\u00f3mica y la sanitaria en el pa\u00eds debido a un brote de fiebre amarilla. &#8220;Voy a decretar la emergencia econ\u00f3mica, despu\u00e9s de [&hellip;]<\/p>\n","protected":false},"author":1,"featured_media":57592,"comment_status":"closed","ping_status":"closed","sticky":false,"template":"","format":"standard","meta":{"footnotes":""},"categories":[83,80],"tags":[],"class_list":["post-57591","post","type-post","status-publish","format-standard","has-post-thumbnail","hentry","category-destacado","category-mundo"],"_links":{"self":[{"href":"https:\/\/themexicopost.com\/index.php?rest_route=\/wp\/v2\/posts\/57591","targetHints":{"allow":["GET"]}}],"collection":[{"href":"https:\/\/themexicopost.com\/index.php?rest_route=\/wp\/v2\/posts"}],"about":[{"href":"https:\/\/themexicopost.com\/index.php?rest_route=\/wp\/v2\/types\/post"}],"author":[{"embeddable":true,"href":"https:\/\/themexicopost.com\/index.php?rest_route=\/wp\/v2\/users\/1"}],"replies":[{"embeddable":true,"href":"https:\/\/themexicopost.com\/index.php?rest_route=%2Fwp%2Fv2%2Fcomments&post=57591"}],"version-history":[{"count":1,"href":"https:\/\/themexicopost.com\/index.php?rest_route=\/wp\/v2\/posts\/57591\/revisions"}],"predecessor-version":[{"id":57593,"href":"https:\/\/themexicopost.com\/index.php?rest_route=\/wp\/v2\/posts\/57591\/revisions\/57593"}],"wp:featuredmedia":[{"embeddable":true,"href":"https:\/\/themexicopost.com\/index.php?rest_route=\/wp\/v2\/media\/57592"}],"wp:attachment":[{"href":"https:\/\/themexicopost.com\/index.php?rest_route=%2Fwp%2Fv2%2Fmedia&parent=57591"}],"wp:term":[{"taxonomy":"category","embeddable":true,"href":"https:\/\/themexicopost.com\/index.php?rest_route=%2Fwp%2Fv2%2Fcategories&post=57591"},{"taxonomy":"post_tag","embeddable":true,"href":"https:\/\/themexicopost.com\/index.php?rest_route=%2Fwp%2Fv2%2Ftags&post=57591"}],"curies":[{"name":"wp","href":"https:\/\/api.w.org\/{rel}","templated":true}]}}