{"id":57742,"date":"2025-04-22T13:04:55","date_gmt":"2025-04-22T13:04:55","guid":{"rendered":"https:\/\/themexicopost.com\/?p=57742"},"modified":"2025-06-26T03:51:11","modified_gmt":"2025-06-26T09:51:11","slug":"mexico-no-es-protectorado-ni-colonia-de-ningun-pais-extranjero-sheinbaum","status":"publish","type":"post","link":"https:\/\/themexicopost.com\/?p=57742","title":{"rendered":"&#8220;M\u00e9xico no es protectorado, ni colonia de ning\u00fan pa\u00eds extranjero&#8221;: Sheinbaum"},"content":{"rendered":"\n<figure class=\"wp-block-pullquote\"><blockquote><p>La titular del Poder Ejecutivo Federal tom\u00f3 protesta al personal de cadetes de primer a\u00f1o de la Heroica Escuela Naval Militar<\/p><\/blockquote><\/figure>\n\n\n\n<p class=\"has-drop-cap\">En el marco de la conmemoraci\u00f3n del 111 Aniversario de la Gesta Heroica del Puerto de Veracruz, la Presidenta Claudia Sheinbaum Pardo record\u00f3 que M\u00e9xico es un pa\u00eds libre, soberano e independiente que no es protectorado ni colonia de ning\u00fan pa\u00eds extranjero.<br><\/p>\n\n\n\n<p>\u201cNuestra actuaci\u00f3n siempre tiene y tendr\u00e1 como principios la soberan\u00eda y el inter\u00e9s supremo del pueblo de M\u00e9xico y de la naci\u00f3n. Como lo pensaban y como lucharon nuestros pr\u00f3ceres, es menester siempre decirlo: \u2018No somos protectorado ni colonia de ning\u00fan pa\u00eds extranjero. \u00a1Somos un pa\u00eds libre, independiente y soberano!\u2019.<br><\/p>\n\n\n\n<p>\u201cHasta ahora ha habido una relaci\u00f3n de respeto y estoy segura, conf\u00edo en que se mantenga esta pol\u00edtica de buena vecindad\u201d, resalt\u00f3 en la Ceremonia de Jura de Bandera de 418 Cadetes de Primer A\u00f1o de la Heroica Escuela Naval Militar y del Centro de Estudios Navales en Ciencias de la Salud, conformado por la Escuela M\u00e9dico Naval y Escuela de Enfermer\u00eda Naval, en Ant\u00f3n Lizardo, Veracruz.<br><\/p>\n\n\n\n<p>Record\u00f3 que, a diferencia de la invasi\u00f3n del Ej\u00e9rcito Estadounidense en 1914, M\u00e9xico vive hoy un momento especial y distinto en su relaci\u00f3n con Estados Unidos, donde se privilegia el di\u00e1logo para fortalecer a ambos pa\u00edses, pero principalmente que garantice mejores condiciones para las y los mexicanos, incluidos los 40 millones que viven en territorio estadounidense.<br><\/p>\n\n\n\n<p>\u201cEntre nosotros no competimos, nos complementamos. Nuestra posici\u00f3n siempre ha sido el di\u00e1logo para encontrar una relaci\u00f3n que fortalezca a ambos pa\u00edses. Confiamos en que podremos encontrar siempre las mejores condiciones para las dos naciones y particularmente, y como esencia, las mejores condiciones para nuestro pueblo\u201d, a\u00f1adi\u00f3.<br><\/p>\n\n\n\n<figure class=\"wp-block-image size-large\"><img fetchpriority=\"high\" decoding=\"async\" width=\"1024\" height=\"684\" src=\"https:\/\/themexicopost.com\/wp-content\/uploads\/2025\/04\/3MEXICO-1-1024x684.jpg\" alt=\"\" class=\"wp-image-57744\" srcset=\"https:\/\/themexicopost.com\/wp-content\/uploads\/2025\/04\/3MEXICO-1-1024x684.jpg 1024w, https:\/\/themexicopost.com\/wp-content\/uploads\/2025\/04\/3MEXICO-1-300x201.jpg 300w, https:\/\/themexicopost.com\/wp-content\/uploads\/2025\/04\/3MEXICO-1-768x513.jpg 768w, https:\/\/themexicopost.com\/wp-content\/uploads\/2025\/04\/3MEXICO-1.jpg 1200w\" sizes=\"(max-width: 1024px) 100vw, 1024px\" \/><\/figure>\n\n\n\n<p>Destac\u00f3 que M\u00e9xico es el principal aliado comercial de Estados Unidos y por ello insisti\u00f3 en la conveniencia de preservar la alianza econ\u00f3mica en Norteam\u00e9rica para competir con otras regiones del mundo y avanzar al resto del continente, siempre con respeto a las soberan\u00edas de los pueblos.<br><\/p>\n\n\n\n<p>En materia de seguridad, antepuso la colaboraci\u00f3n y trabajo conjunto entre ambos pa\u00edses, sin subordinaci\u00f3n, invasi\u00f3n o injerencia, ya que por razones humanitarias M\u00e9xico apoya en el combate al tr\u00e1fico de drogas, particularmente del fentanilo; sin embargo, se\u00f1al\u00f3 que el consumo de drogas no solo se combate con incautaciones y detenciones, sino atendiendo las causas para evitar que las y los j\u00f3venes se acerquen a las adicciones y a la violencia.<br><\/p>\n\n\n\n<p>Record\u00f3 que el 21 de abril de 1914 las tropas estadounidenses invadieron el puerto de Veracruz, a la que se opusieron los revolucionarios de la \u00e9poca, por lo que el cadete Virgilio Uribe, el teniente Jos\u00e9 Azueta con alrededor de un centenar de sus compa\u00f1eros de la Escuela Naval y el pueblo de Veracruz, tomaron las armas para defender a la patria.<br><\/p>\n\n\n\n<p>Ante el conflicto, narr\u00f3, el general Venustiano Carranza envi\u00f3 notas diplom\u00e1ticas al presidente de EUA, Woodrow Wilson, para privilegiar el di\u00e1logo entre las naciones y recalcar que Victoriano Huerta no representaba al pueblo de M\u00e9xico al haber llegado a la presidencia con una traici\u00f3n, por ello la Presidenta resalt\u00f3 que solo los vendepatrias est\u00e1n a favor de buscar ayuda en el extranjero para resolver problemas internos en nuestro pa\u00eds.<br><\/p>\n\n\n\n<p>Como parte de la Ceremonia Conmemorativa, la Jefa del Ejecutivo Federal realiz\u00f3 el pase de lista de h\u00e9roes de la Heroica Escuela Naval Militar y el Colegio Militar, apreci\u00f3 el Toque de Silencio de la Banda de Guerra y una salva de fusiler\u00eda ejecutada por las brigadas del Cuerpo de Cadetes en memoria de quienes el 21 de abril de 1914 y el 13 de septiembre de 1847, respectivamente, ofrendaron sus vidas en defensa de la patria; y posteriormente, tom\u00f3 protesta al personal de Cadetes de Primer A\u00f1o de la Heroica Escuela Naval Militar.<\/p>\n","protected":false},"excerpt":{"rendered":"<p>La titular del Poder Ejecutivo Federal tom\u00f3 protesta al personal de cadetes de primer a\u00f1o de la Heroica Escuela Naval Militar En el marco de la conmemoraci\u00f3n del 111 Aniversario de la Gesta Heroica del Puerto de Veracruz, la Presidenta Claudia Sheinbaum Pardo record\u00f3 que M\u00e9xico es un pa\u00eds libre, soberano e independiente que no [&hellip;]<\/p>\n","protected":false},"author":1,"featured_media":57743,"comment_status":"closed","ping_status":"closed","sticky":false,"template":"","format":"standard","meta":{"footnotes":""},"categories":[83,81],"tags":[],"class_list":["post-57742","post","type-post","status-publish","format-standard","has-post-thumbnail","hentry","category-destacado","category-nacional"],"_links":{"self":[{"href":"https:\/\/themexicopost.com\/index.php?rest_route=\/wp\/v2\/posts\/57742","targetHints":{"allow":["GET"]}}],"collection":[{"href":"https:\/\/themexicopost.com\/index.php?rest_route=\/wp\/v2\/posts"}],"about":[{"href":"https:\/\/themexicopost.com\/index.php?rest_route=\/wp\/v2\/types\/post"}],"author":[{"embeddable":true,"href":"https:\/\/themexicopost.com\/index.php?rest_route=\/wp\/v2\/users\/1"}],"replies":[{"embeddable":true,"href":"https:\/\/themexicopost.com\/index.php?rest_route=%2Fwp%2Fv2%2Fcomments&post=57742"}],"version-history":[{"count":1,"href":"https:\/\/themexicopost.com\/index.php?rest_route=\/wp\/v2\/posts\/57742\/revisions"}],"predecessor-version":[{"id":57745,"href":"https:\/\/themexicopost.com\/index.php?rest_route=\/wp\/v2\/posts\/57742\/revisions\/57745"}],"wp:featuredmedia":[{"embeddable":true,"href":"https:\/\/themexicopost.com\/index.php?rest_route=\/wp\/v2\/media\/57743"}],"wp:attachment":[{"href":"https:\/\/themexicopost.com\/index.php?rest_route=%2Fwp%2Fv2%2Fmedia&parent=57742"}],"wp:term":[{"taxonomy":"category","embeddable":true,"href":"https:\/\/themexicopost.com\/index.php?rest_route=%2Fwp%2Fv2%2Fcategories&post=57742"},{"taxonomy":"post_tag","embeddable":true,"href":"https:\/\/themexicopost.com\/index.php?rest_route=%2Fwp%2Fv2%2Ftags&post=57742"}],"curies":[{"name":"wp","href":"https:\/\/api.w.org\/{rel}","templated":true}]}}