{"id":57762,"date":"2025-04-22T13:13:10","date_gmt":"2025-04-22T13:13:10","guid":{"rendered":"https:\/\/themexicopost.com\/?p=57762"},"modified":"2025-06-26T03:51:07","modified_gmt":"2025-06-26T09:51:07","slug":"fueron-muertas-30-personas-en-sudan-por-grupos-paramilitares","status":"publish","type":"post","link":"https:\/\/themexicopost.com\/?p=57762","title":{"rendered":"Fueron muertas 30 personas en Sud\u00e1n por grupos paramilitares"},"content":{"rendered":"\n<figure class=\"wp-block-pullquote\"><blockquote><p>La regi\u00f3n occidental de Darfur fue atacada de nueva cuenta.<\/p><\/blockquote><\/figure>\n\n\n\n<p class=\"has-drop-cap\">Un grupo paramilitar en Sud\u00e1n atac\u00f3 una ciudad en la regi\u00f3n occidental de Darfur, matando a m\u00e1s de 30 personas, seg\u00fan un grupo activista, en la \u00faltima ofensiva mortal contra una zona que alberga a cientos de miles de desplazados.<br><\/p>\n\n\n\n<p>Las Fuerzas de Apoyo R\u00e1pido (FAR) y milicias aliadas lanzaron una ofensiva contra El Fasher, capital de la provincia de Darfur del Norte, seg\u00fan los Comit\u00e9s de Resistencia, un grupo activista. Decenas de personas resultaron heridas en el ataque, seg\u00fan el grupo, que da seguimiento a la guerra.<br><\/p>\n\n\n\n<p>Las FAR reanudaron su ataque, bombardeando edificios residenciales y mercados al aire libre en la ciudad, seg\u00fan el grupo. No hubo comentarios inmediatos de las FAR.<br><\/p>\n\n\n\n<p>El-Fasher, a m\u00e1s de 800 kil\u00f3metros al suroeste de la capital, Jartum, est\u00e1 bajo el control del ej\u00e9rcito, que ha combatido a las RSF desde que Sud\u00e1n se sumi\u00f3 en una guerra civil hace m\u00e1s de dos a\u00f1os, con m\u00e1s de 24.000 muertos, seg\u00fan Naciones Unidas, aunque activistas afirman que la cifra probablemente sea mucho mayor.<br><\/p>\n\n\n\n<p>Las RSF llevan un a\u00f1o intentando apoderarse de El-Fasher para completar su control de toda la regi\u00f3n de Darfur. Desde entonces, han lanzado numerosos ataques contra la ciudad y dos importantes campamentos para desplazados en sus afueras, afectados por la hambruna.<br><\/p>\n\n\n\n<p>Se estima que la ciudad alberga actualmente a m\u00e1s de un mill\u00f3n de personas, muchas de las cuales han sido desplazadas por la guerra en curso y anteriores episodios de violencia en Darfur. Las RSF surgieron de las notorias milicias Janjaweed, movilizadas hace dos d\u00e9cadas por el entonces presidente Omar al-Bashir contra las poblaciones que se identifican como centroafricanas o de \u00c1frica Oriental en Darfur. Los Janjaweed fueron acusados \u200b\u200bde asesinatos en masa, violaciones y otras atrocidades.<br><\/p>\n\n\n\n<p>Los ataques contra el-Fasher se han intensificado en los \u00faltimos meses, a medida que las RSF sufr\u00edan reveses en el campo de batalla en Jartum y otras zonas urbanas del este y el centro del condado.<br><\/p>\n\n\n\n<p>La violencia se produjo menos de una semana despu\u00e9s de que un ataque de dos d\u00edas por parte de las RSF y sus milicias aliadas contra la ciudad y los campamentos de Zamzam y Abu Shouk causara la muerte de m\u00e1s de 400 personas, seg\u00fan Naciones Unidas.<br><\/p>\n\n\n\n<p>El ataque de la semana pasada oblig\u00f3 a hasta 400.000 personas a huir del campamento de Zamzam, el m\u00e1s grande de Sud\u00e1n, que se ha vuelto inaccesible para los trabajadores humanitarios, seg\u00fan declar\u00f3 el portavoz de la ONU, St\u00e9phane Dujarric.<\/p>\n","protected":false},"excerpt":{"rendered":"<p>La regi\u00f3n occidental de Darfur fue atacada de nueva cuenta. Un grupo paramilitar en Sud\u00e1n atac\u00f3 una ciudad en la regi\u00f3n occidental de Darfur, matando a m\u00e1s de 30 personas, seg\u00fan un grupo activista, en la \u00faltima ofensiva mortal contra una zona que alberga a cientos de miles de desplazados. Las Fuerzas de Apoyo R\u00e1pido [&hellip;]<\/p>\n","protected":false},"author":1,"featured_media":57763,"comment_status":"closed","ping_status":"closed","sticky":false,"template":"","format":"standard","meta":{"footnotes":""},"categories":[83,80],"tags":[],"class_list":["post-57762","post","type-post","status-publish","format-standard","has-post-thumbnail","hentry","category-destacado","category-mundo"],"_links":{"self":[{"href":"https:\/\/themexicopost.com\/index.php?rest_route=\/wp\/v2\/posts\/57762","targetHints":{"allow":["GET"]}}],"collection":[{"href":"https:\/\/themexicopost.com\/index.php?rest_route=\/wp\/v2\/posts"}],"about":[{"href":"https:\/\/themexicopost.com\/index.php?rest_route=\/wp\/v2\/types\/post"}],"author":[{"embeddable":true,"href":"https:\/\/themexicopost.com\/index.php?rest_route=\/wp\/v2\/users\/1"}],"replies":[{"embeddable":true,"href":"https:\/\/themexicopost.com\/index.php?rest_route=%2Fwp%2Fv2%2Fcomments&post=57762"}],"version-history":[{"count":1,"href":"https:\/\/themexicopost.com\/index.php?rest_route=\/wp\/v2\/posts\/57762\/revisions"}],"predecessor-version":[{"id":57764,"href":"https:\/\/themexicopost.com\/index.php?rest_route=\/wp\/v2\/posts\/57762\/revisions\/57764"}],"wp:featuredmedia":[{"embeddable":true,"href":"https:\/\/themexicopost.com\/index.php?rest_route=\/wp\/v2\/media\/57763"}],"wp:attachment":[{"href":"https:\/\/themexicopost.com\/index.php?rest_route=%2Fwp%2Fv2%2Fmedia&parent=57762"}],"wp:term":[{"taxonomy":"category","embeddable":true,"href":"https:\/\/themexicopost.com\/index.php?rest_route=%2Fwp%2Fv2%2Fcategories&post=57762"},{"taxonomy":"post_tag","embeddable":true,"href":"https:\/\/themexicopost.com\/index.php?rest_route=%2Fwp%2Fv2%2Ftags&post=57762"}],"curies":[{"name":"wp","href":"https:\/\/api.w.org\/{rel}","templated":true}]}}