{"id":57790,"date":"2025-04-22T13:38:42","date_gmt":"2025-04-22T13:38:42","guid":{"rendered":"https:\/\/themexicopost.com\/?p=57790"},"modified":"2025-06-26T03:50:52","modified_gmt":"2025-06-26T09:50:52","slug":"patrick-crusius-el-asesino-de-el-paso-es-sentenciado-a-cadena-perpetua","status":"publish","type":"post","link":"https:\/\/themexicopost.com\/?p=57790","title":{"rendered":"Patrick Crusius, el asesino de El Paso, es sentenciado a cadena perpetua"},"content":{"rendered":"\n<figure class=\"wp-block-pullquote\"><blockquote><p>En 2023 el supremacista blanco Crusius fue condenado por un juez federal a 90 cadenas perpetuas consecutivas.<\/p><\/blockquote><\/figure>\n\n\n\n<p class=\"has-drop-cap\">Patrick Crusius, el autor de la matanza de 23 personas en un supermercado de El Paso, Texas, en 2019, se declar\u00f3 culpable en un tribunal estatal y fue condenado a cadena perpetua.<br><\/p>\n\n\n\n<p>La masacre de El Paso es una de las m\u00e1s sangrientas de la historia de Estados Unidos, donde los tiroteos masivos son comunes y el acceso a las armas est\u00e1 amparado por la Constituci\u00f3n.<br><\/p>\n\n\n\n<p>Crusius, que ten\u00eda 21 a\u00f1os al momento de los hechos, ya hab\u00eda sido condenado en 2023 por un juez federal a 90 cadenas perpetuas consecutivas por esta masacre.<br><\/p>\n\n\n\n<p>Este nuevo acuerdo con la justicia texana para declararse culpable le permiti\u00f3 evitar la pena de muerte. La condena no contempla la libertad condicional.<br><\/p>\n\n\n\n<figure class=\"wp-block-image size-large\"><img fetchpriority=\"high\" decoding=\"async\" width=\"1024\" height=\"684\" src=\"https:\/\/themexicopost.com\/wp-content\/uploads\/2025\/04\/patrick-1024x684.jpg\" alt=\"\" class=\"wp-image-57792\" srcset=\"https:\/\/themexicopost.com\/wp-content\/uploads\/2025\/04\/patrick-1024x684.jpg 1024w, https:\/\/themexicopost.com\/wp-content\/uploads\/2025\/04\/patrick-300x201.jpg 300w, https:\/\/themexicopost.com\/wp-content\/uploads\/2025\/04\/patrick-768x513.jpg 768w, https:\/\/themexicopost.com\/wp-content\/uploads\/2025\/04\/patrick.jpg 1200w\" sizes=\"(max-width: 1024px) 100vw, 1024px\" \/><\/figure>\n\n\n\n<p>El juez de distrito Sam Medrano se\u00f1al\u00f3 a Crusius frente a la sala: &#8220;Usted mat\u00f3 a padres, madres, hijos e hijas, vino a infligir terror, a tomar vidas inocentes, y a destrozar una comunidad que no hab\u00eda hecho nada m\u00e1s que representar la amabilidad, la unidad y el amor&#8221;, agreg\u00f3 el magistrado.<br><\/p>\n\n\n\n<p>Fue el 3 de agosto de 2019, cuando Crusius viaj\u00f3 m\u00e1s de 1,000 kil\u00f3metros desde la localidad de Allen hasta uno de los almacenes de la cadena Walmart en El Paso, armado con un rifle de asalto tipo AK-47 y munici\u00f3n.<br><\/p>\n\n\n\n<p>Abri\u00f3 fuego en la zona de estacionamiento. Mat\u00f3 en total a 23 personas, de los cuales ocho eran de nacionalidad mexicana, e hiri\u00f3 a otras 22.<br><\/p>\n\n\n\n<p>El tirador hab\u00eda publicado en Internet un documento donde sosten\u00eda que el ataque era en respuesta a la invasi\u00f3n hispana de Texas, y retomaba parte de la ideolog\u00eda supremacista blanca.<br><\/p>\n\n\n\n<p>La masacre, ocurrida durante el primer mandato del presidente Donald Trump, inici\u00f3 un debate sobre los discursos contra los inmigrantes en la sociedad estadounidense.<\/p>\n","protected":false},"excerpt":{"rendered":"<p>En 2023 el supremacista blanco Crusius fue condenado por un juez federal a 90 cadenas perpetuas consecutivas. Patrick Crusius, el autor de la matanza de 23 personas en un supermercado de El Paso, Texas, en 2019, se declar\u00f3 culpable en un tribunal estatal y fue condenado a cadena perpetua. La masacre de El Paso es [&hellip;]<\/p>\n","protected":false},"author":1,"featured_media":57791,"comment_status":"closed","ping_status":"closed","sticky":false,"template":"","format":"standard","meta":{"footnotes":""},"categories":[83,80,85],"tags":[],"class_list":["post-57790","post","type-post","status-publish","format-standard","has-post-thumbnail","hentry","category-destacado","category-mundo","category-portada"],"_links":{"self":[{"href":"https:\/\/themexicopost.com\/index.php?rest_route=\/wp\/v2\/posts\/57790","targetHints":{"allow":["GET"]}}],"collection":[{"href":"https:\/\/themexicopost.com\/index.php?rest_route=\/wp\/v2\/posts"}],"about":[{"href":"https:\/\/themexicopost.com\/index.php?rest_route=\/wp\/v2\/types\/post"}],"author":[{"embeddable":true,"href":"https:\/\/themexicopost.com\/index.php?rest_route=\/wp\/v2\/users\/1"}],"replies":[{"embeddable":true,"href":"https:\/\/themexicopost.com\/index.php?rest_route=%2Fwp%2Fv2%2Fcomments&post=57790"}],"version-history":[{"count":1,"href":"https:\/\/themexicopost.com\/index.php?rest_route=\/wp\/v2\/posts\/57790\/revisions"}],"predecessor-version":[{"id":57793,"href":"https:\/\/themexicopost.com\/index.php?rest_route=\/wp\/v2\/posts\/57790\/revisions\/57793"}],"wp:featuredmedia":[{"embeddable":true,"href":"https:\/\/themexicopost.com\/index.php?rest_route=\/wp\/v2\/media\/57791"}],"wp:attachment":[{"href":"https:\/\/themexicopost.com\/index.php?rest_route=%2Fwp%2Fv2%2Fmedia&parent=57790"}],"wp:term":[{"taxonomy":"category","embeddable":true,"href":"https:\/\/themexicopost.com\/index.php?rest_route=%2Fwp%2Fv2%2Fcategories&post=57790"},{"taxonomy":"post_tag","embeddable":true,"href":"https:\/\/themexicopost.com\/index.php?rest_route=%2Fwp%2Fv2%2Ftags&post=57790"}],"curies":[{"name":"wp","href":"https:\/\/api.w.org\/{rel}","templated":true}]}}