{"id":57794,"date":"2025-04-22T13:46:10","date_gmt":"2025-04-22T13:46:10","guid":{"rendered":"https:\/\/themexicopost.com\/?p=57794"},"modified":"2025-06-26T03:50:49","modified_gmt":"2025-06-26T09:50:49","slug":"rinden-homenaje-al-papa-francisco-en-todo-el-mundo","status":"publish","type":"post","link":"https:\/\/themexicopost.com\/?p=57794","title":{"rendered":"RINDEN HOMENAJE AL PAPA FRANCISCO EN TODO EL MUNDO"},"content":{"rendered":"\n<figure class=\"wp-block-pullquote\"><blockquote><p>La muerte del pont\u00edfice cre\u00f3 una fuerte conmoci\u00f3n alrededor del mundo por lo repentina.<\/p><\/blockquote><\/figure>\n\n\n\n<p class=\"has-drop-cap\">La muerte del Papa Francisco, sumo pont\u00edfice de la Iglesia Cat\u00f3lica, ha causado una fuerte conmoci\u00f3n alrededor del mundo. L\u00edderes mundiales expresaron a la brevedad sus condolencias, lo mismo hicieron famosos, empresarios y personalidades.<br><\/p>\n\n\n\n<p>Muchos mandatarios de todo el mundo se pronunciaron para dar el p\u00e9same por el lamentable y sensible fallecimiento del l\u00edder de la comunidad cat\u00f3lica.<br><\/p>\n\n\n\n<p>La primera ministra de Italia, Giorgia Meloni, encabez\u00f3 los homenajes por parte de l\u00edderes pol\u00edticos de todo el mundo, elogi\u00e1ndolo como un gran hombre y un gran pastor.<br><\/p>\n\n\n\n<figure class=\"wp-block-image size-large\"><img fetchpriority=\"high\" decoding=\"async\" width=\"1024\" height=\"684\" src=\"https:\/\/themexicopost.com\/wp-content\/uploads\/2025\/04\/El-mundo-002-1024x684.jpg\" alt=\"\" class=\"wp-image-57796\" srcset=\"https:\/\/themexicopost.com\/wp-content\/uploads\/2025\/04\/El-mundo-002-1024x684.jpg 1024w, https:\/\/themexicopost.com\/wp-content\/uploads\/2025\/04\/El-mundo-002-300x201.jpg 300w, https:\/\/themexicopost.com\/wp-content\/uploads\/2025\/04\/El-mundo-002-768x513.jpg 768w, https:\/\/themexicopost.com\/wp-content\/uploads\/2025\/04\/El-mundo-002.jpg 1200w\" sizes=\"(max-width: 1024px) 100vw, 1024px\" \/><\/figure>\n\n\n\n<p>El presidente Donald Trump emiti\u00f3 un breve mensaje de condolencia en las redes sociales diciendo: \u201c\u00a1Descanse en paz Papa Francisco! \u00a1Que Dios lo bendiga a \u00e9l y a quienes lo amaban!\u201d.<br><\/p>\n\n\n\n<p>&#8220;Descanse en paz, Papa Francisco&#8221;, public\u00f3 en la red social X el vicepresidente estadounidense, JD Vance, que es cat\u00f3lico y se reuni\u00f3 con el pont\u00edfice, declar\u00f3 que su &#8220;coraz\u00f3n est\u00e1 con los millones de cristianos&#8221; del mundo.<br><\/p>\n\n\n\n<p>El presidente de Rusia, Vladimir Putin, elogi\u00f3 a Francisco, no solo como defensor de \u201clos altos valores del humanismo y la justicia\u201d, sino tambi\u00e9n como alguien que foment\u00f3 el di\u00e1logo con la Iglesia Ortodoxa Rusa. Putin dijo que hab\u00eda hablado con Francisco en varias ocasiones, y a\u00f1adi\u00f3 que: \u201cSiempre guardar\u00e9 los m\u00e1s gratos recuerdos de \u00e9l\u201d.<br><\/p>\n\n\n\n<figure class=\"wp-block-image size-large\"><img decoding=\"async\" width=\"1024\" height=\"684\" src=\"https:\/\/themexicopost.com\/wp-content\/uploads\/2025\/04\/EL-MUNDO-3-1024x684.jpg\" alt=\"\" class=\"wp-image-57797\" srcset=\"https:\/\/themexicopost.com\/wp-content\/uploads\/2025\/04\/EL-MUNDO-3-1024x684.jpg 1024w, https:\/\/themexicopost.com\/wp-content\/uploads\/2025\/04\/EL-MUNDO-3-300x201.jpg 300w, https:\/\/themexicopost.com\/wp-content\/uploads\/2025\/04\/EL-MUNDO-3-768x513.jpg 768w, https:\/\/themexicopost.com\/wp-content\/uploads\/2025\/04\/EL-MUNDO-3.jpg 1200w\" sizes=\"(max-width: 1024px) 100vw, 1024px\" \/><\/figure>\n\n\n\n<p>El presidente de Francia, Emmanuel Macron, dijo que Francisco hab\u00eda llevado alegr\u00eda y esperanza a los m\u00e1s pobres del mundo. Las luces de la Torre Eiffel se apagar\u00e1n esta noche en honor al fallecimiento y esta tarde se celebrar\u00e1 una vigilia en la Catedral de Notre Dame para conmemorar su vida.<br><\/p>\n\n\n\n<p>El presidente ucraniano, Volod\u00edmir Zelenski, se declar\u00f3 en duelo por la muerte del Papa Francisco, que \u201crez\u00f3 por la paz en Ucrania y por los ucranianos\u201d y de quien destac\u00f3 que \u201csab\u00eda dar esperanza\u201d y \u201cmitigar el sufrimiento con la oraci\u00f3n\u201d.<br><\/p>\n\n\n\n<p>En Brasil, el pa\u00eds cat\u00f3lico m\u00e1s grande del mundo, el presidente Luiz In\u00e1cio Lula da Silva declar\u00f3 siete d\u00edas de luto por la muerte del papa y dijo que \u201cla humanidad est\u00e1 perdiendo una voz de respeto y aceptaci\u00f3n de los dem\u00e1s\u201d.<br><\/p>\n\n\n\n<figure class=\"wp-block-image size-large\"><img decoding=\"async\" width=\"1024\" height=\"684\" src=\"https:\/\/themexicopost.com\/wp-content\/uploads\/2025\/04\/EL-MUNDO-2-1024x684.jpg\" alt=\"\" class=\"wp-image-57798\" srcset=\"https:\/\/themexicopost.com\/wp-content\/uploads\/2025\/04\/EL-MUNDO-2-1024x684.jpg 1024w, https:\/\/themexicopost.com\/wp-content\/uploads\/2025\/04\/EL-MUNDO-2-300x201.jpg 300w, https:\/\/themexicopost.com\/wp-content\/uploads\/2025\/04\/EL-MUNDO-2-768x513.jpg 768w, https:\/\/themexicopost.com\/wp-content\/uploads\/2025\/04\/EL-MUNDO-2.jpg 1200w\" sizes=\"(max-width: 1024px) 100vw, 1024px\" \/><\/figure>\n\n\n\n<p>La presidenta de M\u00e9xico, Claudia Sheinbaum, otro pa\u00eds mayoritariamente cat\u00f3lico de Am\u00e9rica Latina, record\u00f3 a Francisco como \u201cun humanista, un hombre que estuvo cerca siempre del m\u00e1s humilde, de los pobres\u201d, cuya muerte tocaba una fibra sensible tanto de los cat\u00f3licos como de los no cat\u00f3licos.<br><\/p>\n\n\n\n<p>El primer ministro de Australia, Anthony Albanese, tambi\u00e9n hizo referencia al lugar de nacimiento del papa, se\u00f1alando que era el primer dirigente cat\u00f3lico del hemisferio sur. Como tal, dijo Albanese, Francisco estuvo \u201ccerca de la gente de Australia\u201d.<br><\/p>\n\n\n\n<p>El presidente de Polonia, Andrzej Duda, un pa\u00eds donde la Iglesia cat\u00f3lica est\u00e1 profundamente implantada en la sociedad, se\u00f1al\u00f3 c\u00f3mo Francisco se hab\u00eda guiado por la humildad y la sencillez a lo largo de su ministerio pastoral. \u201cFue un gran ap\u00f3stol de la misericordia, en la que vio una respuesta a los desaf\u00edos del mundo moderno\u201d, dijo Duda en una declaraci\u00f3n en las redes sociales.<br><\/p>\n\n\n\n<figure class=\"wp-block-image size-large\"><img loading=\"lazy\" decoding=\"async\" width=\"1024\" height=\"684\" src=\"https:\/\/themexicopost.com\/wp-content\/uploads\/2025\/04\/EL-MUNDO-4-1024x684.jpg\" alt=\"\" class=\"wp-image-57799\" srcset=\"https:\/\/themexicopost.com\/wp-content\/uploads\/2025\/04\/EL-MUNDO-4-1024x684.jpg 1024w, https:\/\/themexicopost.com\/wp-content\/uploads\/2025\/04\/EL-MUNDO-4-300x201.jpg 300w, https:\/\/themexicopost.com\/wp-content\/uploads\/2025\/04\/EL-MUNDO-4-768x513.jpg 768w, https:\/\/themexicopost.com\/wp-content\/uploads\/2025\/04\/EL-MUNDO-4.jpg 1200w\" sizes=\"(max-width: 1024px) 100vw, 1024px\" \/><\/figure>\n\n\n\n<p>El presidente de la Rep\u00fablica Democr\u00e1tica del Congo, F\u00e9lix Tshisekedi, el pa\u00eds africano con mayor n\u00famero de fieles cat\u00f3licos, elogi\u00f3 el liderazgo espiritual de Francisco y se refiri\u00f3 a un ruego hecho por el papa durante una visita al pa\u00eds en 2023.<br><\/p>\n\n\n\n<p>El presidente de Kenia, William Ruto, dijo que Francisco hab\u00eda inspirado a millones de personas de todo el mundo.<br><\/p>\n\n\n\n<p>\u201cEjemplific\u00f3 el liderazgo de servicio con su humildad, su compromiso inquebrantable con la inclusi\u00f3n y la justicia, y su profunda compasi\u00f3n por los pobres y los vulnerables\u201d.<br><\/p>\n\n\n\n<figure class=\"wp-block-image size-large\"><img loading=\"lazy\" decoding=\"async\" width=\"1024\" height=\"684\" src=\"https:\/\/themexicopost.com\/wp-content\/uploads\/2025\/04\/EL-MUNDO-5-1024x684.jpg\" alt=\"\" class=\"wp-image-57800\" srcset=\"https:\/\/themexicopost.com\/wp-content\/uploads\/2025\/04\/EL-MUNDO-5-1024x684.jpg 1024w, https:\/\/themexicopost.com\/wp-content\/uploads\/2025\/04\/EL-MUNDO-5-300x201.jpg 300w, https:\/\/themexicopost.com\/wp-content\/uploads\/2025\/04\/EL-MUNDO-5-768x513.jpg 768w, https:\/\/themexicopost.com\/wp-content\/uploads\/2025\/04\/EL-MUNDO-5.jpg 1200w\" sizes=\"(max-width: 1024px) 100vw, 1024px\" \/><\/figure>\n\n\n\n<p>El primer ministro del Reino Unido, Keir Starmer, calific\u00f3 de valiente el liderazgo de Francisco y resalt\u00f3 tambi\u00e9n su preocupaci\u00f3n por \u201clos pobres, los oprimidos y los olvidados\u201d.<br><\/p>\n\n\n\n<p>Por su parte, el presidente de Israel, Isaac Herzog, dio el p\u00e9same a las comunidades cristianas de Israel y calific\u00f3 a Francisco de hombre de profunda fe.<br><\/p>\n\n\n\n<p>El jeque Mohammed bin Rashid al Maktum, gobernante de Dubai, dijo que lo entristec\u00eda profundamente la noticia de la muerte del papa, mientras que el jeque Ahmed el Tayeb, gran im\u00e1n de la mezquita de Al Azhar, en El Cairo, describi\u00f3 a Francisco como un s\u00edmbolo de humanidad que hab\u00eda promovido el entendimiento entre religiones y culturas y tambi\u00e9n hab\u00eda abogado en favor de los \u201coprimidos, los refugiados y los marginados\u201d<br><\/p>\n\n\n\n<figure class=\"wp-block-image size-large\"><img loading=\"lazy\" decoding=\"async\" width=\"1024\" height=\"684\" src=\"https:\/\/themexicopost.com\/wp-content\/uploads\/2025\/04\/EL-MUNDO-6-1024x684.jpg\" alt=\"\" class=\"wp-image-57801\" srcset=\"https:\/\/themexicopost.com\/wp-content\/uploads\/2025\/04\/EL-MUNDO-6-1024x684.jpg 1024w, https:\/\/themexicopost.com\/wp-content\/uploads\/2025\/04\/EL-MUNDO-6-300x201.jpg 300w, https:\/\/themexicopost.com\/wp-content\/uploads\/2025\/04\/EL-MUNDO-6-768x513.jpg 768w, https:\/\/themexicopost.com\/wp-content\/uploads\/2025\/04\/EL-MUNDO-6.jpg 1200w\" sizes=\"(max-width: 1024px) 100vw, 1024px\" \/><\/figure>\n\n\n\n<p>El secretario general de las Naciones Unidas, Ant\u00f3nio Guterres, se\u00f1al\u00f3 otro tema sobre el que Francisco intent\u00f3 utilizar su influencia: el cambio clim\u00e1tico.<br><\/p>\n\n\n\n<p>\u201cSu santidad escuch\u00f3 a los sobrevivientes y a sus descendientes hablar del legado de dolor lacerante y duradero del sistema, y se enfrent\u00f3 a \u00e9l con un importante paso de responsabilidad y curaci\u00f3n en el camino compartido hacia la reconciliaci\u00f3n\u201d, dijo primer ministro de Canad\u00e1, Mark Carney, cat\u00f3lico practicante.<br><\/p>\n\n\n\n<p>Y el presidente de Timor Oriental, Jos\u00e9 Ramos-Horta, quien se reuni\u00f3 con el pont\u00edfice el pasado septiembre durante una visita papal al pa\u00eds, dijo en un correo electr\u00f3nico que la muerte de Francisco era la \u201cmayor p\u00e9rdida para la humanidad en un momento en que el mundo est\u00e1 sumido en el caos por falta de un liderazgo sabio y compasivo\u201d.<br><\/p>\n\n\n\n<p>Como se\u00f1al de respeto hacia su santidad, quien falleci\u00f3 a la edad de 88 a\u00f1os, se han sumado acciones por parte de los respectivos gobiernos, los cuales han instruido algunas acciones en se\u00f1al de luto.<br><\/p>\n\n\n\n<figure class=\"wp-block-image size-large\"><img loading=\"lazy\" decoding=\"async\" width=\"1024\" height=\"684\" src=\"https:\/\/themexicopost.com\/wp-content\/uploads\/2025\/04\/EL-MUNDO-1024x684.jpg\" alt=\"\" class=\"wp-image-57802\" srcset=\"https:\/\/themexicopost.com\/wp-content\/uploads\/2025\/04\/EL-MUNDO-1024x684.jpg 1024w, https:\/\/themexicopost.com\/wp-content\/uploads\/2025\/04\/EL-MUNDO-300x201.jpg 300w, https:\/\/themexicopost.com\/wp-content\/uploads\/2025\/04\/EL-MUNDO-768x513.jpg 768w, https:\/\/themexicopost.com\/wp-content\/uploads\/2025\/04\/EL-MUNDO.jpg 1200w\" sizes=\"(max-width: 1024px) 100vw, 1024px\" \/><\/figure>\n\n\n\n<p>En Italia el Coliseo de Roma estar\u00e1 cerrado unas horas en recuerdo del Papa Francisco, anunci\u00f3 el Ministerio de Cultura Italiano, rindiendo homenaje a la figura del Pont\u00edfice y su incansable compromiso con la paz, el di\u00e1logo y la dignidad humana<br><\/p>\n\n\n\n<p>Mientras que en Francia la Torre Eiffel y Notre Dame tambi\u00e9n se han sumado a los homenajes en memoria del Papa Francisco. Las campanas de la catedral parisina de Notre Dame repicaron 88 veces, por los 88 a\u00f1os de edad del pont\u00edfice de origen argentino. Asimismo, se celebrar\u00e1 una misa a medio d\u00eda. Las autoridades de la ciudad apagar\u00e1n las luces de la Torre Eiffel.<br><\/p>\n\n\n\n<p>En Kosovo un retrato del difunto Papa Francisco se exhibe en la Catedral de Santa Madre Teresa en Pristina.<br><\/p>\n\n\n\n<p>Y en Estados Unidos todas las banderas ondean a media asta en el Monumento a Washington tras el fallecimiento del Papa Francisco.<\/p>\n","protected":false},"excerpt":{"rendered":"<p>La muerte del pont\u00edfice cre\u00f3 una fuerte conmoci\u00f3n alrededor del mundo por lo repentina.<\/p>\n","protected":false},"author":1,"featured_media":57795,"comment_status":"closed","ping_status":"closed","sticky":false,"template":"","format":"standard","meta":{"footnotes":""},"categories":[83,80,85],"tags":[],"class_list":["post-57794","post","type-post","status-publish","format-standard","has-post-thumbnail","hentry","category-destacado","category-mundo","category-portada"],"_links":{"self":[{"href":"https:\/\/themexicopost.com\/index.php?rest_route=\/wp\/v2\/posts\/57794","targetHints":{"allow":["GET"]}}],"collection":[{"href":"https:\/\/themexicopost.com\/index.php?rest_route=\/wp\/v2\/posts"}],"about":[{"href":"https:\/\/themexicopost.com\/index.php?rest_route=\/wp\/v2\/types\/post"}],"author":[{"embeddable":true,"href":"https:\/\/themexicopost.com\/index.php?rest_route=\/wp\/v2\/users\/1"}],"replies":[{"embeddable":true,"href":"https:\/\/themexicopost.com\/index.php?rest_route=%2Fwp%2Fv2%2Fcomments&post=57794"}],"version-history":[{"count":1,"href":"https:\/\/themexicopost.com\/index.php?rest_route=\/wp\/v2\/posts\/57794\/revisions"}],"predecessor-version":[{"id":57803,"href":"https:\/\/themexicopost.com\/index.php?rest_route=\/wp\/v2\/posts\/57794\/revisions\/57803"}],"wp:featuredmedia":[{"embeddable":true,"href":"https:\/\/themexicopost.com\/index.php?rest_route=\/wp\/v2\/media\/57795"}],"wp:attachment":[{"href":"https:\/\/themexicopost.com\/index.php?rest_route=%2Fwp%2Fv2%2Fmedia&parent=57794"}],"wp:term":[{"taxonomy":"category","embeddable":true,"href":"https:\/\/themexicopost.com\/index.php?rest_route=%2Fwp%2Fv2%2Fcategories&post=57794"},{"taxonomy":"post_tag","embeddable":true,"href":"https:\/\/themexicopost.com\/index.php?rest_route=%2Fwp%2Fv2%2Ftags&post=57794"}],"curies":[{"name":"wp","href":"https:\/\/api.w.org\/{rel}","templated":true}]}}