{"id":57812,"date":"2025-04-23T12:54:42","date_gmt":"2025-04-23T12:54:42","guid":{"rendered":"https:\/\/themexicopost.com\/?p=57812"},"modified":"2025-06-26T03:50:49","modified_gmt":"2025-06-26T09:50:49","slug":"se-une-ryan-gosling-al-universo-de-star-wars-con-pelicula-inedita-en-la-saga","status":"publish","type":"post","link":"https:\/\/themexicopost.com\/?p=57812","title":{"rendered":"Se une Ryan Gosling al universo de Star Wars con pel\u00edcula in\u00e9dita en la saga"},"content":{"rendered":"\n<figure class=\"wp-block-pullquote\"><blockquote><p>Esta pel\u00edcula ser\u00e1 ambientada cinco a\u00f1os despu\u00e9s de &#8220;El ascenso de Skywalker&#8221;.<\/p><\/blockquote><\/figure>\n\n\n\n<p class=\"has-drop-cap\">El actor Ryan Gosling protagonizar\u00e1 una nueva pel\u00edcula de Star Wars titulada \u201cStarfighter\u201d que se ambientar\u00e1 cinco a\u00f1os despu\u00e9s de los eventos de \u201cEl ascenso de Skywalker&#8221; (2019), pero presentar\u00e1 una narrativa independiente, con nuevos personajes y escenarios in\u00e9ditos en la saga.<br><\/p>\n\n\n\n<p>As\u00ed lo dieron a conocer durante el evento Star Wars Celebration en Tokio, Jap\u00f3n, donde Ryan Gosling demostr\u00f3 su entusiasmo al ser fan\u00e1tico de la famosa saga desde su infancia y comparti\u00f3 una an\u00e9cdota al mostrar una foto de su cama con s\u00e1banas de Star Wars cuando era ni\u00f1o.<br><\/p>\n\n\n\n<p>Al recordar esto dijo: \u201cSupongo que ya estaba so\u00f1ando con Star Wars incluso antes de ver la pel\u00edcula\u201d. Adem\u00e1s, expres\u00f3 que la fuerza en este proyecto es la pasi\u00f3n de los fans y que espera que su participaci\u00f3n sea bien recibida.<br><\/p>\n\n\n\n<p>El estreno de &#8216;Star Wars: Starfighter&#8217; est\u00e1 programado para el 28 de mayo de 2027 y la direcci\u00f3n de la pel\u00edcula estar\u00e1 a cargo de Shawn Levy, reconocido por su trabajo en &#8216;Deadpool &amp; Wolverine&#8217; y &#8216;Stranger Things&#8217;, mientras que el guion ser\u00e1 de Jonathan Tropper, conocido por &#8216;Your Friends &amp; Neighbors&#8217; de Apple TV<br><\/p>\n\n\n\n<p>Seg\u00fan la informaci\u00f3n revelada en Star Wars Celebration, la producci\u00f3n comenzar\u00e1 en oto\u00f1o de este 2025.<\/p>\n","protected":false},"excerpt":{"rendered":"<p>Esta pel\u00edcula ser\u00e1 ambientada cinco a\u00f1os despu\u00e9s de &#8220;El ascenso de Skywalker&#8221;. El actor Ryan Gosling protagonizar\u00e1 una nueva pel\u00edcula de Star Wars titulada \u201cStarfighter\u201d que se ambientar\u00e1 cinco a\u00f1os despu\u00e9s de los eventos de \u201cEl ascenso de Skywalker&#8221; (2019), pero presentar\u00e1 una narrativa independiente, con nuevos personajes y escenarios in\u00e9ditos en la saga. As\u00ed [&hellip;]<\/p>\n","protected":false},"author":1,"featured_media":57813,"comment_status":"closed","ping_status":"closed","sticky":false,"template":"","format":"standard","meta":{"footnotes":""},"categories":[78],"tags":[],"class_list":["post-57812","post","type-post","status-publish","format-standard","has-post-thumbnail","hentry","category-espectaculos"],"_links":{"self":[{"href":"https:\/\/themexicopost.com\/index.php?rest_route=\/wp\/v2\/posts\/57812","targetHints":{"allow":["GET"]}}],"collection":[{"href":"https:\/\/themexicopost.com\/index.php?rest_route=\/wp\/v2\/posts"}],"about":[{"href":"https:\/\/themexicopost.com\/index.php?rest_route=\/wp\/v2\/types\/post"}],"author":[{"embeddable":true,"href":"https:\/\/themexicopost.com\/index.php?rest_route=\/wp\/v2\/users\/1"}],"replies":[{"embeddable":true,"href":"https:\/\/themexicopost.com\/index.php?rest_route=%2Fwp%2Fv2%2Fcomments&post=57812"}],"version-history":[{"count":1,"href":"https:\/\/themexicopost.com\/index.php?rest_route=\/wp\/v2\/posts\/57812\/revisions"}],"predecessor-version":[{"id":57814,"href":"https:\/\/themexicopost.com\/index.php?rest_route=\/wp\/v2\/posts\/57812\/revisions\/57814"}],"wp:featuredmedia":[{"embeddable":true,"href":"https:\/\/themexicopost.com\/index.php?rest_route=\/wp\/v2\/media\/57813"}],"wp:attachment":[{"href":"https:\/\/themexicopost.com\/index.php?rest_route=%2Fwp%2Fv2%2Fmedia&parent=57812"}],"wp:term":[{"taxonomy":"category","embeddable":true,"href":"https:\/\/themexicopost.com\/index.php?rest_route=%2Fwp%2Fv2%2Fcategories&post=57812"},{"taxonomy":"post_tag","embeddable":true,"href":"https:\/\/themexicopost.com\/index.php?rest_route=%2Fwp%2Fv2%2Ftags&post=57812"}],"curies":[{"name":"wp","href":"https:\/\/api.w.org\/{rel}","templated":true}]}}