{"id":58017,"date":"2025-04-25T13:38:24","date_gmt":"2025-04-25T13:38:24","guid":{"rendered":"https:\/\/themexicopost.com\/?p=58017"},"modified":"2025-06-26T03:56:23","modified_gmt":"2025-06-26T09:56:23","slug":"tlaxcala-y-amexcid-fortalecen-cooperacion-bilateral-con-japon","status":"publish","type":"post","link":"https:\/\/themexicopost.com\/?p=58017","title":{"rendered":"Tlaxcala y Amexcid fortalecen cooperaci\u00f3n bilateral con Jap\u00f3n"},"content":{"rendered":"\n<figure class=\"wp-block-pullquote\"><blockquote><p>Impulsar\u00e1n proyectos conjuntos con enfoque social, tecnol\u00f3gico y cient\u00edfico<\/p><\/blockquote><\/figure>\n\n\n\n<p class=\"has-drop-cap\">De la mano con el Sistema Estatal para el Desarrollo Integral de la Familia (Sedif), el gobierno del estado de Tlaxcala y la Agencia Mexicana de Cooperaci\u00f3n Internacional para el Desarrollo (Amexcid) acordaron tener una estrecha colaboraci\u00f3n bilateral con la Agencia de Cooperaci\u00f3n Internacional del Jap\u00f3n en temas de saneamiento de agua, atenci\u00f3n al envejecimiento poblacional e inversi\u00f3n empresarial, entre otros.<br><\/p>\n\n\n\n<p>La titular del Ejecutivo local, Lorena Cu\u00e9llar Cisneros, estuvo acompa\u00f1ada por Mariana Espinosa de los Monteros Cuellar, presidenta honor\u00edfica del Sedif, y Flor de Mar\u00eda L\u00f3pez Hinojosa, directora de dicho sistema, donde recibieron a las delegaciones de la Agencia de Cooperaci\u00f3n Internacional del Jap\u00f3n (JICA, por sus siglas en ingl\u00e9s), encabezada por el director general de la Oficina en M\u00e9xico, Chiaki Kobayashi, y de la Amexcid, que preside Alejandra del Moral Vela.<br><\/p>\n\n\n\n<p>En el encuentro, la gobernadora destac\u00f3 que desde el inicio de su gobierno prioriz\u00f3 un trabajo coordinado e interinstitucional a favor de los adultos mayores.<br><\/p>\n\n\n\n<p>Resalt\u00f3 que los resultados de este programa han sido considerados y se han convertido en modelo nacional de atenci\u00f3n a la salud de los adultos. \u201cEntonces nos da gusto que de Tlaxcala salgan varios proyectos para M\u00e9xico\u201d, refiri\u00f3.<br><\/p>\n\n\n\n<p>Alejandra del Moral Vela destac\u00f3 que la JICA es reconocida en el mundo por su apoyo, calidad y experiencia en temas de cooperaci\u00f3n internacional. \u201cNuestro principal pa\u00eds cooperante en M\u00e9xico es Alemania y sigue Jap\u00f3n. Entonces, con los proyectos de la presidenta, sobre todo en el tema del saneamiento de los r\u00edos, nos ha pedido que busquemos c\u00f3mo fortalecer a los estados que tienen el cauce de r\u00edos en sus territorios\u201d, indic\u00f3.<br><\/p>\n\n\n\n<p>La presidenta honor\u00edfica del Sedif, Mariana Espinosa de los Monteros Cu\u00e9llar, reconoci\u00f3 el inter\u00e9s de la Amexcid y de la JICA para cooperar en las acciones encaminadas a brindar una mejor calidad de vida para los adultos mayores en servicios de salud adecuados y efectivos.<br><\/p>\n\n\n\n<p>Finalmente, el director general de la Oficina de la JICA M\u00e9xico, Chiaki Kobayashi, puntualiz\u00f3 que en M\u00e9xico han alcanzado 30 a\u00f1os de cooperaci\u00f3n financiera, acad\u00e9mica y social, abordando temas de car\u00e1cter agr\u00edcola, salud, educaci\u00f3n, mercados tur\u00edsticos y de adultos mayores.<br><\/p>\n\n\n\n<p>\u201cTambi\u00e9n nos interesa la promoci\u00f3n tur\u00edstica para los japoneses, que hoy en d\u00eda en M\u00e9xico abarca a 12 mil japoneses, y m\u00e1s de 300 mil turistas llegan a M\u00e9xico, e igual llevar tlaxcaltecas a Jap\u00f3n. El tema del saneamiento de los r\u00edos Atoyac y Lerma, estamos trabajando con la Comisi\u00f3n Nacional del Agua (Conagua), y el tema de voluntarios para atender temas locales\u201d, acot\u00f3.<\/p>\n","protected":false},"excerpt":{"rendered":"<p>Impulsar\u00e1n proyectos conjuntos con enfoque social, tecnol\u00f3gico y cient\u00edfico De la mano con el Sistema Estatal para el Desarrollo Integral de la Familia (Sedif), el gobierno del estado de Tlaxcala y la Agencia Mexicana de Cooperaci\u00f3n Internacional para el Desarrollo (Amexcid) acordaron tener una estrecha colaboraci\u00f3n bilateral con la Agencia de Cooperaci\u00f3n Internacional del Jap\u00f3n [&hellip;]<\/p>\n","protected":false},"author":1,"featured_media":58018,"comment_status":"closed","ping_status":"closed","sticky":false,"template":"","format":"standard","meta":{"footnotes":""},"categories":[81],"tags":[],"class_list":["post-58017","post","type-post","status-publish","format-standard","has-post-thumbnail","hentry","category-nacional"],"_links":{"self":[{"href":"https:\/\/themexicopost.com\/index.php?rest_route=\/wp\/v2\/posts\/58017","targetHints":{"allow":["GET"]}}],"collection":[{"href":"https:\/\/themexicopost.com\/index.php?rest_route=\/wp\/v2\/posts"}],"about":[{"href":"https:\/\/themexicopost.com\/index.php?rest_route=\/wp\/v2\/types\/post"}],"author":[{"embeddable":true,"href":"https:\/\/themexicopost.com\/index.php?rest_route=\/wp\/v2\/users\/1"}],"replies":[{"embeddable":true,"href":"https:\/\/themexicopost.com\/index.php?rest_route=%2Fwp%2Fv2%2Fcomments&post=58017"}],"version-history":[{"count":1,"href":"https:\/\/themexicopost.com\/index.php?rest_route=\/wp\/v2\/posts\/58017\/revisions"}],"predecessor-version":[{"id":58019,"href":"https:\/\/themexicopost.com\/index.php?rest_route=\/wp\/v2\/posts\/58017\/revisions\/58019"}],"wp:featuredmedia":[{"embeddable":true,"href":"https:\/\/themexicopost.com\/index.php?rest_route=\/wp\/v2\/media\/58018"}],"wp:attachment":[{"href":"https:\/\/themexicopost.com\/index.php?rest_route=%2Fwp%2Fv2%2Fmedia&parent=58017"}],"wp:term":[{"taxonomy":"category","embeddable":true,"href":"https:\/\/themexicopost.com\/index.php?rest_route=%2Fwp%2Fv2%2Fcategories&post=58017"},{"taxonomy":"post_tag","embeddable":true,"href":"https:\/\/themexicopost.com\/index.php?rest_route=%2Fwp%2Fv2%2Ftags&post=58017"}],"curies":[{"name":"wp","href":"https:\/\/api.w.org\/{rel}","templated":true}]}}