{"id":58023,"date":"2025-04-25T13:39:51","date_gmt":"2025-04-25T13:39:51","guid":{"rendered":"https:\/\/themexicopost.com\/?p=58023"},"modified":"2025-06-26T03:56:20","modified_gmt":"2025-06-26T09:56:20","slug":"marcelo-ebrard-presento-el-portafolio-para-la-prosperidad-compartida","status":"publish","type":"post","link":"https:\/\/themexicopost.com\/?p=58023","title":{"rendered":"Marcelo Ebrard present\u00f3 el Portafolio para la Prosperidad Compartida"},"content":{"rendered":"\n<figure class=\"wp-block-pullquote\"><blockquote><p>Busca aumentar la producci\u00f3n nacional; lo Hecho en M\u00e9xico; reducir importaciones; as\u00ed como fortalecer la soberan\u00eda alimentaria y energ\u00e9tica<\/p><\/blockquote><\/figure>\n\n\n\n<p class=\"has-drop-cap\">El Gobierno de M\u00e9xico, a trav\u00e9s de la Secretar\u00eda de Econom\u00eda, present\u00f3 el Portafolio para la Prosperidad Compartida, que contempla a la fecha, mil 937 proyectos en todo el pa\u00eds, con una inversi\u00f3n de 298 mil millones de d\u00f3lares, lo que representa alrededor del 16 por ciento del Producto Interno Bruto (PIB).<br><\/p>\n\n\n\n<p>Marcelo Ebrard Casaubon, secretario de Econom\u00eda coordinar\u00e1 la mesa de trabajo en donde participar\u00e1n todas las dependencias del Gobierno de M\u00e9xico, as\u00ed como gobernadores, gobernadoras, presidentes y presidentas municipales con el objetivo de que las inversiones dentro del Portafolio para la Prosperidad Compartida se concreten.<br><\/p>\n\n\n\n<p>Ebrard Casaubon, precis\u00f3 que el Portafolio para la Prosperidad Compartida es una iniciativa que tiene tres objetivos:<br><\/p>\n\n\n\n<p>Buscar al sector privado nacional y extranjero para identificar aquellos proyectos de inversi\u00f3n que tienen m\u00e1s impacto en la generaci\u00f3n de empleos y en la econom\u00eda de las regiones.<br><\/p>\n\n\n\n<p>Identificar las necesidades para que las inversiones tengan \u00e9xito y organizar a las diferentes dependencias e instituciones de Gobierno para que se faciliten las inversiones.<br><\/p>\n\n\n\n<p>Destac\u00f3 que los mil 937 proyectos registrados dentro del portafolio abarcan las 32 entidades de la Rep\u00fablica, particularmente Baja California, Nuevo Le\u00f3n, Sonora, Tamaulipas y Chihuahua, adem\u00e1s de que tienen que ver con sectores econ\u00f3micos como industrias manufactureras, energ\u00eda, agua y gas.<br><\/p>\n\n\n\n<p>Inform\u00f3 que, hay 446 proyectos de inversi\u00f3n que presentan diferentes retos, particularmente en materia de agua, medio ambiente, energ\u00eda, econom\u00eda, infraestructura, entre otros, por lo que son una prioridad.<br><\/p>\n\n\n\n<p>Puntualiz\u00f3 que las inversiones por 298 mil mdd son parte del Plan M\u00e9xico, el cual record\u00f3, busca aumentar la producci\u00f3n nacional; el orgullo de lo Hecho en M\u00e9xico; fomentar la inversi\u00f3n nacional para reducir importaciones; ampliar las capacidades de infraestructura, de generaci\u00f3n de energ\u00edas limpias y de energ\u00eda el\u00e9ctrica, as\u00ed como fortalecer la soberan\u00eda alimentaria y energ\u00e9tica.<\/p>\n","protected":false},"excerpt":{"rendered":"<p>Busca aumentar la producci\u00f3n nacional; lo Hecho en M\u00e9xico; reducir importaciones; as\u00ed como fortalecer la soberan\u00eda alimentaria y energ\u00e9tica El Gobierno de M\u00e9xico, a trav\u00e9s de la Secretar\u00eda de Econom\u00eda, present\u00f3 el Portafolio para la Prosperidad Compartida, que contempla a la fecha, mil 937 proyectos en todo el pa\u00eds, con una inversi\u00f3n de 298 mil [&hellip;]<\/p>\n","protected":false},"author":1,"featured_media":58024,"comment_status":"closed","ping_status":"closed","sticky":false,"template":"","format":"standard","meta":{"footnotes":""},"categories":[81],"tags":[],"class_list":["post-58023","post","type-post","status-publish","format-standard","has-post-thumbnail","hentry","category-nacional"],"_links":{"self":[{"href":"https:\/\/themexicopost.com\/index.php?rest_route=\/wp\/v2\/posts\/58023","targetHints":{"allow":["GET"]}}],"collection":[{"href":"https:\/\/themexicopost.com\/index.php?rest_route=\/wp\/v2\/posts"}],"about":[{"href":"https:\/\/themexicopost.com\/index.php?rest_route=\/wp\/v2\/types\/post"}],"author":[{"embeddable":true,"href":"https:\/\/themexicopost.com\/index.php?rest_route=\/wp\/v2\/users\/1"}],"replies":[{"embeddable":true,"href":"https:\/\/themexicopost.com\/index.php?rest_route=%2Fwp%2Fv2%2Fcomments&post=58023"}],"version-history":[{"count":1,"href":"https:\/\/themexicopost.com\/index.php?rest_route=\/wp\/v2\/posts\/58023\/revisions"}],"predecessor-version":[{"id":58025,"href":"https:\/\/themexicopost.com\/index.php?rest_route=\/wp\/v2\/posts\/58023\/revisions\/58025"}],"wp:featuredmedia":[{"embeddable":true,"href":"https:\/\/themexicopost.com\/index.php?rest_route=\/wp\/v2\/media\/58024"}],"wp:attachment":[{"href":"https:\/\/themexicopost.com\/index.php?rest_route=%2Fwp%2Fv2%2Fmedia&parent=58023"}],"wp:term":[{"taxonomy":"category","embeddable":true,"href":"https:\/\/themexicopost.com\/index.php?rest_route=%2Fwp%2Fv2%2Fcategories&post=58023"},{"taxonomy":"post_tag","embeddable":true,"href":"https:\/\/themexicopost.com\/index.php?rest_route=%2Fwp%2Fv2%2Ftags&post=58023"}],"curies":[{"name":"wp","href":"https:\/\/api.w.org\/{rel}","templated":true}]}}