{"id":58241,"date":"2025-04-29T13:36:39","date_gmt":"2025-04-29T13:36:39","guid":{"rendered":"https:\/\/themexicopost.com\/?p=58241"},"modified":"2025-06-26T03:59:40","modified_gmt":"2025-06-26T09:59:40","slug":"espana-recupera-casi-en-su-totalidad-el-suministro-electrico","status":"publish","type":"post","link":"https:\/\/themexicopost.com\/?p=58241","title":{"rendered":"Espa\u00f1a recupera casi en su totalidad el suministro el\u00e9ctrico"},"content":{"rendered":"\n<figure class=\"wp-block-pullquote\"><blockquote><p>La pen\u00ednsula Ib\u00e9rica sufri\u00f3 uno de los apagones m\u00e1s graves de Europa.<\/p><\/blockquote><\/figure>\n\n\n\n<p class=\"has-drop-cap\">El suministro el\u00e9ctrico hab\u00eda regresado casi por completo a Espa\u00f1a, mientras persist\u00edan muchas preguntas sobre las causas de uno de los apagones m\u00e1s graves de Europa, que paraliz\u00f3 vuelos, sistemas de metro, interrumpi\u00f3 las comunicaciones m\u00f3viles y cerr\u00f3 cajeros autom\u00e1ticos en Espa\u00f1a y Portugal.<br><\/p>\n\n\n\n<p>M\u00e1s del 99% de la demanda energ\u00e9tica en Espa\u00f1a se hab\u00eda restablecido, dijo el operador el\u00e9ctrico del pa\u00eds, Red El\u00e9ctrica.<br><\/p>\n\n\n\n<p>La electricidad hab\u00eda regresado gradualmente a varias regiones de Espa\u00f1a y Portugal mientras las naciones se tambaleaban por el apag\u00f3n generalizado a\u00fan inexplicable que hab\u00eda convertido los aeropuertos y estaciones de tren en campamentos para viajeros varados. El operador de red portugu\u00e9s, REN, dijo que 85 de las 89 subestaciones el\u00e9ctricas estaban nuevamente en funcionamiento.<br><\/p>\n\n\n\n<p>Muchos residentes de la ciudad, incluida la capital de Espa\u00f1a, Madrid, se fueron a dormir en total oscuridad. Las agujas normalmente iluminadas de la Bas\u00edlica de la Sagrada Familia de Barcelona se volvieron indistinguibles del cielo nocturno. Las calles permanecieron desiertas incluso en los barrios donde las luces volvieron a encenderse, ya que la gente se qued\u00f3 en casa despu\u00e9s de un d\u00eda de caos.<br><\/p>\n\n\n\n<p>\u201cTenemos una larga noche por delante\u201d, dijo el primer ministro espa\u00f1ol, Pedro S\u00e1nchez, cuando se dirigi\u00f3 a la naci\u00f3n europea por la noche. \u201cEstamos trabajando con el objetivo de restablecer el suministro el\u00e9ctrico en todo el pa\u00eds\u201d.<br><\/p>\n\n\n\n<p>En Madrid, los v\u00edtores estallaron en los balcones donde hab\u00eda vuelto la electricidad. El sistema de metro de Madrid dijo que el servicio se restablecer\u00eda en todas las l\u00edneas excepto una a las 8 a.m. de hoy martes, lo que significa que el 80% de los trenes volver\u00edan a operar durante las horas pico.<br><\/p>\n\n\n\n<p>Cuando el servicio de metro se detuvo, las estaciones de tren se vaciaron y los comercios y oficinas cerraron, y miles de personas salieron a las calles de Madrid.<br><\/p>\n\n\n\n<p>Los equipos de emergencia en Espa\u00f1a dijeron que rescataron a unos 35.000 pasajeros varados en las v\u00edas del tren y del metro. A las 11 de la noche, todav\u00eda hab\u00eda 11 trenes atascados por el corte de electricidad esperando ser evacuados, dijo S\u00e1nchez.<br><\/p>\n\n\n\n<p>El apag\u00f3n convirti\u00f3 centros deportivos, estaciones de tren y aeropuertos en refugios improvisados \u200b\u200bel lunes por la noche.<br><\/p>\n\n\n\n<p>El municipio de Barcelona distribuy\u00f3 1.200 cunas a centros recreativos interiores para acoger a residentes que no pueden volver a casa y a viajeros internacionales que quedan en el limbo. Por toda Barcelona y Madrid la gente dorm\u00eda en los bancos y en el suelo de las estaciones de tren.<br><\/p>\n\n\n\n<p>A medida que los servicios de Internet y de telefon\u00eda m\u00f3vil se fueron quedando sin servicio en Espa\u00f1a y Portugal, las radios alimentadas por bater\u00eda volaron de los estantes. Los que tuvieron la suerte de encontrar servicio compartieron todas las noticias que pudieron con desconocidos en la calle.<br><\/p>\n\n\n\n<p>Las filas se extend\u00edan desde los pocos supermercados que funcionaban con generadores de emergencia en Barcelona y Lisboa mientras la gente se abastec\u00eda de alimentos secos, agua y linternas y velas a bater\u00eda. Los empleados contaban los euros a mano porque muchas cajas registradoras hab\u00edan dejado de funcionar.<br><\/p>\n\n\n\n<p>Hab\u00eda pocas gasolineras operativas, lo que obligaba a los conductores que se atrev\u00edan a navegar sin sem\u00e1foros a buscar combustible a toda prisa. Los residentes con llaves el\u00e9ctricas en las puertas se encontraron fuera de sus casas.<\/p>\n\n\n\n<p><\/p>\n","protected":false},"excerpt":{"rendered":"<p>La pen\u00ednsula Ib\u00e9rica sufri\u00f3 uno de los apagones m\u00e1s graves de Europa. El suministro el\u00e9ctrico hab\u00eda regresado casi por completo a Espa\u00f1a, mientras persist\u00edan muchas preguntas sobre las causas de uno de los apagones m\u00e1s graves de Europa, que paraliz\u00f3 vuelos, sistemas de metro, interrumpi\u00f3 las comunicaciones m\u00f3viles y cerr\u00f3 cajeros autom\u00e1ticos en Espa\u00f1a y [&hellip;]<\/p>\n","protected":false},"author":1,"featured_media":58242,"comment_status":"closed","ping_status":"closed","sticky":false,"template":"","format":"standard","meta":{"footnotes":""},"categories":[83,80],"tags":[],"class_list":["post-58241","post","type-post","status-publish","format-standard","has-post-thumbnail","hentry","category-destacado","category-mundo"],"_links":{"self":[{"href":"https:\/\/themexicopost.com\/index.php?rest_route=\/wp\/v2\/posts\/58241","targetHints":{"allow":["GET"]}}],"collection":[{"href":"https:\/\/themexicopost.com\/index.php?rest_route=\/wp\/v2\/posts"}],"about":[{"href":"https:\/\/themexicopost.com\/index.php?rest_route=\/wp\/v2\/types\/post"}],"author":[{"embeddable":true,"href":"https:\/\/themexicopost.com\/index.php?rest_route=\/wp\/v2\/users\/1"}],"replies":[{"embeddable":true,"href":"https:\/\/themexicopost.com\/index.php?rest_route=%2Fwp%2Fv2%2Fcomments&post=58241"}],"version-history":[{"count":1,"href":"https:\/\/themexicopost.com\/index.php?rest_route=\/wp\/v2\/posts\/58241\/revisions"}],"predecessor-version":[{"id":58243,"href":"https:\/\/themexicopost.com\/index.php?rest_route=\/wp\/v2\/posts\/58241\/revisions\/58243"}],"wp:featuredmedia":[{"embeddable":true,"href":"https:\/\/themexicopost.com\/index.php?rest_route=\/wp\/v2\/media\/58242"}],"wp:attachment":[{"href":"https:\/\/themexicopost.com\/index.php?rest_route=%2Fwp%2Fv2%2Fmedia&parent=58241"}],"wp:term":[{"taxonomy":"category","embeddable":true,"href":"https:\/\/themexicopost.com\/index.php?rest_route=%2Fwp%2Fv2%2Fcategories&post=58241"},{"taxonomy":"post_tag","embeddable":true,"href":"https:\/\/themexicopost.com\/index.php?rest_route=%2Fwp%2Fv2%2Ftags&post=58241"}],"curies":[{"name":"wp","href":"https:\/\/api.w.org\/{rel}","templated":true}]}}