{"id":58244,"date":"2025-04-29T13:37:40","date_gmt":"2025-04-29T13:37:40","guid":{"rendered":"https:\/\/themexicopost.com\/?p=58244"},"modified":"2025-06-26T03:59:39","modified_gmt":"2025-06-26T09:59:39","slug":"carreteras-bloqueadas-por-indigenas-de-guatemala-exigen-liberacion-de-sus-lideres","status":"publish","type":"post","link":"https:\/\/themexicopost.com\/?p=58244","title":{"rendered":"Carreteras bloqueadas por ind\u00edgenas de Guatemala; exigen liberaci\u00f3n de sus l\u00edderes"},"content":{"rendered":"\n<figure class=\"wp-block-pullquote\"><blockquote><p>Al menos 11 carreteras en nueve departamentos fueron bloqueadas, inform\u00f3 la Direcci\u00f3n General de Protecci\u00f3n y Seguridad Vial.<\/p><\/blockquote><\/figure>\n\n\n\n<p class=\"has-drop-cap\">Fueron cientos de ind\u00edgenas los que mantuvieron paralizadas varias carreteras de Guatemala en protesta por la detenci\u00f3n de dos l\u00edderes de la organizaci\u00f3n que encabez\u00f3 las protestas en 2023 que reclamaban la renuncia de la fiscal general y una transici\u00f3n pac\u00edfica de poder del actual presidente Bernardo Ar\u00e9valo.<br><\/p>\n\n\n\n<p>Al menos 11 carreteras en nueve departamentos fueron bloqueadas, inform\u00f3 la Direcci\u00f3n General de Protecci\u00f3n y Seguridad Vial.<br><\/p>\n\n\n\n<p>Los l\u00edderes detenidos fueron el l\u00edder ind\u00edgena Luis Pacheco, viceministro de Desarrollo Sostenible del Ministerio de Energ\u00eda y Minas, y el tambi\u00e9n ind\u00edgena H\u00e9ctor Batz Chacl\u00e1n, acusados de cuatro delitos por la fiscal\u00eda encabezada por Consuelo Porras.<br><\/p>\n\n\n\n<p>Pero la jueza Carol Patricia Flores orden\u00f3 que fueran investigados por terrorismo y obstaculizaci\u00f3n de la justicia, orden\u00f3 su reclusi\u00f3n en una prisi\u00f3n y dispuso que el caso quede bajo reserva judicial.<br><\/p>\n\n\n\n<p>Sin embargo el Comit\u00e9 de Desarrollo Campesino (Codeca) anunci\u00f3 los bloqueos en reclamo de su liberaci\u00f3n, a los que se han unido otras agrupaciones.<br><\/p>\n\n\n\n<p>La Fiscal\u00eda contra el Crimen Organizado de Guatemala se\u00f1al\u00f3 que estas protestas fueron planificadas y que da\u00f1an el patrimonio de los ciudadanos. Asimismo mostr\u00f3 mensajes en redes sociales de ciudadanos refiri\u00e9ndose a los bloqueos.<br><\/p>\n\n\n\n<p>El secretario de Comunicaci\u00f3n del presidente, Santiago Palomo, dijo que el gobierno har\u00e1 prevalecer el di\u00e1logo con los manifestantes y la libre movilidad.<br><\/p>\n\n\n\n<p>La detenci\u00f3n de ambos ind\u00edgenas, fue catalogada de espuria y sin fundamento, llamando \u201ccuadrilla de criminales\u201d a los miembros de la cuestionada fiscal\u00eda. Los arrestos tambi\u00e9n han sido rechazados por organismos internacionales, entre ellos la Uni\u00f3n Europea.<\/p>\n","protected":false},"excerpt":{"rendered":"<p>Al menos 11 carreteras en nueve departamentos fueron bloqueadas, inform\u00f3 la Direcci\u00f3n General de Protecci\u00f3n y Seguridad Vial. Fueron cientos de ind\u00edgenas los que mantuvieron paralizadas varias carreteras de Guatemala en protesta por la detenci\u00f3n de dos l\u00edderes de la organizaci\u00f3n que encabez\u00f3 las protestas en 2023 que reclamaban la renuncia de la fiscal general [&hellip;]<\/p>\n","protected":false},"author":1,"featured_media":58245,"comment_status":"closed","ping_status":"closed","sticky":false,"template":"","format":"standard","meta":{"footnotes":""},"categories":[80],"tags":[],"class_list":["post-58244","post","type-post","status-publish","format-standard","has-post-thumbnail","hentry","category-mundo"],"_links":{"self":[{"href":"https:\/\/themexicopost.com\/index.php?rest_route=\/wp\/v2\/posts\/58244","targetHints":{"allow":["GET"]}}],"collection":[{"href":"https:\/\/themexicopost.com\/index.php?rest_route=\/wp\/v2\/posts"}],"about":[{"href":"https:\/\/themexicopost.com\/index.php?rest_route=\/wp\/v2\/types\/post"}],"author":[{"embeddable":true,"href":"https:\/\/themexicopost.com\/index.php?rest_route=\/wp\/v2\/users\/1"}],"replies":[{"embeddable":true,"href":"https:\/\/themexicopost.com\/index.php?rest_route=%2Fwp%2Fv2%2Fcomments&post=58244"}],"version-history":[{"count":1,"href":"https:\/\/themexicopost.com\/index.php?rest_route=\/wp\/v2\/posts\/58244\/revisions"}],"predecessor-version":[{"id":58246,"href":"https:\/\/themexicopost.com\/index.php?rest_route=\/wp\/v2\/posts\/58244\/revisions\/58246"}],"wp:featuredmedia":[{"embeddable":true,"href":"https:\/\/themexicopost.com\/index.php?rest_route=\/wp\/v2\/media\/58245"}],"wp:attachment":[{"href":"https:\/\/themexicopost.com\/index.php?rest_route=%2Fwp%2Fv2%2Fmedia&parent=58244"}],"wp:term":[{"taxonomy":"category","embeddable":true,"href":"https:\/\/themexicopost.com\/index.php?rest_route=%2Fwp%2Fv2%2Fcategories&post=58244"},{"taxonomy":"post_tag","embeddable":true,"href":"https:\/\/themexicopost.com\/index.php?rest_route=%2Fwp%2Fv2%2Ftags&post=58244"}],"curies":[{"name":"wp","href":"https:\/\/api.w.org\/{rel}","templated":true}]}}