{"id":58420,"date":"2025-05-02T13:09:36","date_gmt":"2025-05-02T13:09:36","guid":{"rendered":"https:\/\/themexicopost.com\/?p=58420"},"modified":"2025-06-26T04:13:17","modified_gmt":"2025-06-26T10:13:17","slug":"por-primera-vez-el-rey-carlos-iii-hablo-sobre-el-cancer-que-padece","status":"publish","type":"post","link":"https:\/\/themexicopost.com\/?p=58420","title":{"rendered":"Por primera vez el rey Carlos III habl\u00f3 sobre el c\u00e1ncer que padece"},"content":{"rendered":"\n<figure class=\"wp-block-pullquote\"><blockquote><p>Mediante un comunicado el rey manifiesta que cada diagn\u00f3stico ha sido una experiencia aterradora.<\/p><\/blockquote><\/figure>\n\n\n\n<p class=\"has-drop-cap\">De forma ins\u00f3lita para la monarqu\u00eda Brit\u00e1nica y sorprendiendo a muchos, el rey Carlos III de Inglaterra lanz\u00f3 un mensaje profundamente personal en el que ofreci\u00f3 el testimonio de su experiencia personal tras su diagn\u00f3stico de c\u00e1ncer, reconociendo que puede ser una enfermedad aterradora, pero tambi\u00e9n ofreciendo un mensaje de esperanza.<br><\/p>\n\n\n\n<p>El monarca de 76 a\u00f1os, diagnosticado en febrero de 2024, desde el Palacio de Buckingham, comparti\u00f3 una reflexi\u00f3n con la que busca reconfortar a quienes enfrentan la enfermedad y en la que destac\u00f3 c\u00f3mo la adversidad saca a relucir lo mejor del esp\u00edritu humano.<br><\/p>\n\n\n\n<p>&#8220;Cada diagn\u00f3stico, cada nuevo caso, ser\u00e1 una experiencia desalentadora y a veces aterradora para esas personas y sus seres queridos&#8221;, dijo en el mensaje publicado por el palacio.<br><\/p>\n\n\n\n<p>El rey reconoci\u00f3 el impacto emocional que el c\u00e1ncer tiene no solo en los pacientes, sino tambi\u00e9n en sus familias, conectando su vivencia personal con la de millones de personas.<br><\/p>\n\n\n\n<p>Sin embargo, el rey no se detuvo en el temor, sino que ofreci\u00f3 una perspectiva optimista: &#8220;Pero, como una de esas estad\u00edsticas, puedo asegurar que tambi\u00e9n puede ser una experiencia que resalte lo mejor de la humanidad&#8221;.<br><\/p>\n\n\n\n<p>El mensaje fue emitido en el marco de un evento ben\u00e9fico para la investigaci\u00f3n oncol\u00f3gica, donde subray\u00f3 la capacidad del c\u00e1ncer para revelar actos de bondad y apoyo.<br><\/p>\n\n\n\n<p>Carlos III expres\u00f3 su gratitud hacia los profesionales m\u00e9dicos, voluntarios y ciudadanos que han acompa\u00f1ado su tratamiento, describi\u00e9ndolos como ejemplos de compasi\u00f3n.<br><\/p>\n\n\n\n<p>A pesar de que su tratamiento continuar\u00e1 a lo largo de 2025, el rey ha mantenido su compromiso con sus deberes p\u00fablicos, incluyendo una reciente gira por Australia y Samoa, pese a su hospitalizaci\u00f3n en marzo de 2025 por efectos secundarios.<br><\/p>\n\n\n\n<p>\u201cSigo aqu\u00ed, avanzando con esperanza\u201d, coment\u00f3 recientemente, mostrando su determinaci\u00f3n de liderar con optimismo.<br><\/p>\n\n\n\n<p>El mensaje tambi\u00e9n sirvi\u00f3 como una plataforma para abogar por la investigaci\u00f3n y el diagn\u00f3stico temprano, causas que el monarca ha apoyado activamente. Hasta ahora el Palacio de Buckingham no ha especificado el tipo de c\u00e1ncer que padece, confirmando solo que no es de pr\u00f3stata, como se lleg\u00f3 a sugerir.<\/p>\n","protected":false},"excerpt":{"rendered":"<p>Mediante un comunicado el rey manifiesta que cada diagn\u00f3stico ha sido una experiencia aterradora. De forma ins\u00f3lita para la monarqu\u00eda Brit\u00e1nica y sorprendiendo a muchos, el rey Carlos III de Inglaterra lanz\u00f3 un mensaje profundamente personal en el que ofreci\u00f3 el testimonio de su experiencia personal tras su diagn\u00f3stico de c\u00e1ncer, reconociendo que puede ser [&hellip;]<\/p>\n","protected":false},"author":1,"featured_media":58421,"comment_status":"closed","ping_status":"closed","sticky":false,"template":"","format":"standard","meta":{"footnotes":""},"categories":[80],"tags":[],"class_list":["post-58420","post","type-post","status-publish","format-standard","has-post-thumbnail","hentry","category-mundo"],"_links":{"self":[{"href":"https:\/\/themexicopost.com\/index.php?rest_route=\/wp\/v2\/posts\/58420","targetHints":{"allow":["GET"]}}],"collection":[{"href":"https:\/\/themexicopost.com\/index.php?rest_route=\/wp\/v2\/posts"}],"about":[{"href":"https:\/\/themexicopost.com\/index.php?rest_route=\/wp\/v2\/types\/post"}],"author":[{"embeddable":true,"href":"https:\/\/themexicopost.com\/index.php?rest_route=\/wp\/v2\/users\/1"}],"replies":[{"embeddable":true,"href":"https:\/\/themexicopost.com\/index.php?rest_route=%2Fwp%2Fv2%2Fcomments&post=58420"}],"version-history":[{"count":1,"href":"https:\/\/themexicopost.com\/index.php?rest_route=\/wp\/v2\/posts\/58420\/revisions"}],"predecessor-version":[{"id":58422,"href":"https:\/\/themexicopost.com\/index.php?rest_route=\/wp\/v2\/posts\/58420\/revisions\/58422"}],"wp:featuredmedia":[{"embeddable":true,"href":"https:\/\/themexicopost.com\/index.php?rest_route=\/wp\/v2\/media\/58421"}],"wp:attachment":[{"href":"https:\/\/themexicopost.com\/index.php?rest_route=%2Fwp%2Fv2%2Fmedia&parent=58420"}],"wp:term":[{"taxonomy":"category","embeddable":true,"href":"https:\/\/themexicopost.com\/index.php?rest_route=%2Fwp%2Fv2%2Fcategories&post=58420"},{"taxonomy":"post_tag","embeddable":true,"href":"https:\/\/themexicopost.com\/index.php?rest_route=%2Fwp%2Fv2%2Ftags&post=58420"}],"curies":[{"name":"wp","href":"https:\/\/api.w.org\/{rel}","templated":true}]}}