{"id":58426,"date":"2025-05-02T13:11:17","date_gmt":"2025-05-02T13:11:17","guid":{"rendered":"https:\/\/themexicopost.com\/?p=58426"},"modified":"2025-06-26T04:13:13","modified_gmt":"2025-06-26T10:13:13","slug":"jura-kamla-persad-bissessar-como-primera-ministra-de-trinidad-y-tobago","status":"publish","type":"post","link":"https:\/\/themexicopost.com\/?p=58426","title":{"rendered":"Jura Kamla Persad-Bissessar como primera ministra de Trinidad y Tobago"},"content":{"rendered":"\n<figure class=\"wp-block-pullquote\"><blockquote><p>Se comprometi\u00f3 en campa\u00f1a a aumentar el salario de los empleados p\u00fablicos<\/p><\/blockquote><\/figure>\n\n\n\n<p class=\"has-drop-cap\">La l\u00edder del partido Congreso Nacional Unido (UNC), Kamla Persad-Bissessar realiz\u00f3 el juramento como primera ministra de Trinidad y Tobago, archipi\u00e9lago ubicado frente a las costas de Venezuela afectado por la recesi\u00f3n y la violencia.<br><\/p>\n\n\n\n<p>De acuerdo a los resultados preliminares la UNC obtuvo 26 de los 41 esca\u00f1os de la c\u00e1mara baja. El ex partido gobernante Movimiento Nacional del Pueblo (PNM) se llev\u00f3 13 esca\u00f1os, mientras que el Partido Popular de Tobago gan\u00f3 los dos restantes.<br><\/p>\n\n\n\n<p>Persad-Bissessar mencion\u00f3 durante el evento que ya es hora de que pongan a Trinidad y Tobago en el buen camino, se debe dejar de gobernar simplemente para ganar las pr\u00f3ximas elecciones y gobernar para crear riqueza y oportunidades para siete generaciones en el futuro, dijo.<br><\/p>\n\n\n\n<p>Persad-Bissessar, abogada de 73 a\u00f1os, fue primera ministra entre 2010 y 2015. Hab\u00eda ingresado a la pol\u00edtica como consejera regional en 1987. Se convirti\u00f3 en la primera Fiscal General de Trinidad y Tobago en 1996 y en 2010 fue la primera mujer en el cargo de primer ministro en el pa\u00eds.<br><\/p>\n\n\n\n<p>Tambi\u00e9n fue la primera mujer en ejercer como presidenta de la Commonwealth entre 2010 y 2011.<br><\/p>\n\n\n\n<p>Durante su campa\u00f1a prometi\u00f3 un aumento salarial a los empleados p\u00fablicos en un momento en que el pa\u00eds est\u00e1 sumido en una grave crisis econ\u00f3mica, sali\u00f3 a mediados de abril de un estado de emergencia declarado en diciembre de 2024 debido a la violencia.<br><\/p>\n\n\n\n<p>En 2024 se registraron m\u00e1s de 600 homicidios, muchos de ellos vinculados a bandas criminales, de acuerdo a datos oficiales, una cifra superior a la de 2023.<\/p>\n","protected":false},"excerpt":{"rendered":"<p>Se comprometi\u00f3 en campa\u00f1a a aumentar el salario de los empleados p\u00fablicos La l\u00edder del partido Congreso Nacional Unido (UNC), Kamla Persad-Bissessar realiz\u00f3 el juramento como primera ministra de Trinidad y Tobago, archipi\u00e9lago ubicado frente a las costas de Venezuela afectado por la recesi\u00f3n y la violencia. De acuerdo a los resultados preliminares la UNC [&hellip;]<\/p>\n","protected":false},"author":1,"featured_media":58427,"comment_status":"closed","ping_status":"closed","sticky":false,"template":"","format":"standard","meta":{"footnotes":""},"categories":[80],"tags":[],"class_list":["post-58426","post","type-post","status-publish","format-standard","has-post-thumbnail","hentry","category-mundo"],"_links":{"self":[{"href":"https:\/\/themexicopost.com\/index.php?rest_route=\/wp\/v2\/posts\/58426","targetHints":{"allow":["GET"]}}],"collection":[{"href":"https:\/\/themexicopost.com\/index.php?rest_route=\/wp\/v2\/posts"}],"about":[{"href":"https:\/\/themexicopost.com\/index.php?rest_route=\/wp\/v2\/types\/post"}],"author":[{"embeddable":true,"href":"https:\/\/themexicopost.com\/index.php?rest_route=\/wp\/v2\/users\/1"}],"replies":[{"embeddable":true,"href":"https:\/\/themexicopost.com\/index.php?rest_route=%2Fwp%2Fv2%2Fcomments&post=58426"}],"version-history":[{"count":1,"href":"https:\/\/themexicopost.com\/index.php?rest_route=\/wp\/v2\/posts\/58426\/revisions"}],"predecessor-version":[{"id":58428,"href":"https:\/\/themexicopost.com\/index.php?rest_route=\/wp\/v2\/posts\/58426\/revisions\/58428"}],"wp:featuredmedia":[{"embeddable":true,"href":"https:\/\/themexicopost.com\/index.php?rest_route=\/wp\/v2\/media\/58427"}],"wp:attachment":[{"href":"https:\/\/themexicopost.com\/index.php?rest_route=%2Fwp%2Fv2%2Fmedia&parent=58426"}],"wp:term":[{"taxonomy":"category","embeddable":true,"href":"https:\/\/themexicopost.com\/index.php?rest_route=%2Fwp%2Fv2%2Fcategories&post=58426"},{"taxonomy":"post_tag","embeddable":true,"href":"https:\/\/themexicopost.com\/index.php?rest_route=%2Fwp%2Fv2%2Ftags&post=58426"}],"curies":[{"name":"wp","href":"https:\/\/api.w.org\/{rel}","templated":true}]}}