{"id":58429,"date":"2025-05-02T13:15:25","date_gmt":"2025-05-02T13:15:25","guid":{"rendered":"https:\/\/themexicopost.com\/?p=58429"},"modified":"2025-06-26T04:13:12","modified_gmt":"2025-06-26T10:13:12","slug":"exigen-victimas-de-abusos-que-el-proximo-papa-implemente-tolerancia-cero","status":"publish","type":"post","link":"https:\/\/themexicopost.com\/?p=58429","title":{"rendered":"Exigen v\u00edctimas de abusos que el pr\u00f3ximo Papa implemente &#8220;tolerancia cero&#8221;"},"content":{"rendered":"\n<figure class=\"wp-block-pullquote\"><blockquote><p>Francisco introdujo varias normas a las de su predecesor Benedicto XVI para abordar este problema.<\/p><\/blockquote><\/figure>\n\n\n\n<p class=\"has-drop-cap\">Uno de los m\u00e1s grandes problemas a los que se enfrentar\u00e1 el siguiente Papa, al ser nombrado ser\u00e1 el de lidiar con los abusos sexuales cometidos por sacerdotes den todo el mundo.<br><\/p>\n\n\n\n<p>El pr\u00f3ximo l\u00edder de la Iglesia cat\u00f3lica mundial deber\u00e1 situar la cuesti\u00f3n de los abusos sexuales cometidos por sacerdotes en el centro de su papado, afirmaron defensores de las v\u00edctimas, criticando el legado de los tres \u00faltimos papas.<br><\/p>\n\n\n\n<p>Durante tres d\u00e9cadas la Iglesia se ha visto sacudida por los esc\u00e1ndalos en todo el mundo relacionados con sacerdotes pederastas y el encubrimiento de sus delitos.<br><\/p>\n\n\n\n<p>Estas acciones han da\u00f1ado la credibilidad de la Iglesia; cost\u00e1ndole cientos de millones de d\u00f3lares en indemnizaciones.<br><\/p>\n\n\n\n<p>Peter Iselym fundador del grupo de supervivientes de abusos SNAP, se\u00f1al\u00f3 que este tema deber\u00e1 ser un punto central del c\u00f3nclave. SNAP ha desarrollado una p\u00e1gina web que rastrea las denuncias de encubrimiento por parte de altos cargos de la Iglesia.<br><\/p>\n\n\n\n<p>El c\u00f3nclave es la reuni\u00f3n &#8220;secreta&#8221; de los cardenales que elegir\u00e1n al nuevo Papa, y comenzar\u00e1 este pr\u00f3ximo 7 de mayo.<br><\/p>\n\n\n\n<p>Francisco, fallecido el 21 de abril, reiter\u00f3 las promesas de &#8220;tolerancia cero&#8221; de su predecesor Benedicto XVI e introdujo varias reformas para abordar el problema. Pero su aplicaci\u00f3n ha sido irregular, seg\u00fan los activistas.<br><\/p>\n\n\n\n<p>El mismo Benedicto fue acusado en un informe de 2022 de no haber tomado medidas en los supuestos casos de abusos sexuales cuando era arzobispo de M\u00fanich de 1977 a 1982. El pont\u00edfice renunci\u00f3 al papado en 2013 y ten\u00eda 94 a\u00f1os cuando se public\u00f3 el informe, reconoci\u00f3 posteriormente errores y pidi\u00f3 perd\u00f3n. Muri\u00f3 ese mismo a\u00f1o.<br><\/p>\n\n\n\n<p>Los papas Juan Pablo II, Benedicto y Francisco se enfrentaron a cr\u00edticas por su actuaci\u00f3n en relaci\u00f3n con el fallecido excardenal estadounidense Theodore McCarrick.<br><\/p>\n\n\n\n<p>El historial de Juan Pablo II, que dirigi\u00f3 la Iglesia entre 1978 y 2005, se vio a\u00fan m\u00e1s empa\u00f1ado por las acusaciones de que hizo la vista gorda ante el difunto sacerdote mexicano Marcial Maciel, un gran recaudador de fondos para el Vaticano que tambi\u00e9n era un pederasta en serie.<br><\/p>\n\n\n\n<p>El tema de los abusos sexuales fue una de las cuestiones planteadas por los cardenales en los debates preparatorios del c\u00f3nclave de la pr\u00f3xima semana, seg\u00fan inform\u00f3 el Vaticano.<br><\/p>\n\n\n\n<p>SNAP y otros grupos de supervivientes han pedido que todos los sacerdotes depredadores sean expulsados de la Iglesia y que los obispos o cardenales culpables de encubrimiento sean despojados de sus cargos de autoridad.<br><\/p>\n\n\n\n<p>Jean Luis Cipriani Thorne, cardenal sancionado por abusos sexuales, participa en las conversaciones previas al c\u00f3nclave, pero no participar\u00e1 en la elecci\u00f3n papal, ya que ha superado la edad m\u00e1xima para votar, 80 a\u00f1os.<br><\/p>\n\n\n\n<p>Cipriani, que fue el cl\u00e9rigo cat\u00f3lico m\u00e1s importante de Per\u00fa, niega haber cometido ning\u00fan delito. En enero, el Vaticano confirm\u00f3 informaciones de prensa seg\u00fan las cuales hab\u00eda sido sometido a restricciones &#8220;relativas a su actividad p\u00fablica, lugar de residencia y uso de insignias&#8221;.<\/p>\n","protected":false},"excerpt":{"rendered":"<p>Francisco introdujo varias normas a las de su predecesor Benedicto XVI para abordar este problema. Uno de los m\u00e1s grandes problemas a los que se enfrentar\u00e1 el siguiente Papa, al ser nombrado ser\u00e1 el de lidiar con los abusos sexuales cometidos por sacerdotes den todo el mundo. El pr\u00f3ximo l\u00edder de la Iglesia cat\u00f3lica mundial [&hellip;]<\/p>\n","protected":false},"author":1,"featured_media":58430,"comment_status":"closed","ping_status":"closed","sticky":false,"template":"","format":"standard","meta":{"footnotes":""},"categories":[83,80],"tags":[],"class_list":["post-58429","post","type-post","status-publish","format-standard","has-post-thumbnail","hentry","category-destacado","category-mundo"],"_links":{"self":[{"href":"https:\/\/themexicopost.com\/index.php?rest_route=\/wp\/v2\/posts\/58429","targetHints":{"allow":["GET"]}}],"collection":[{"href":"https:\/\/themexicopost.com\/index.php?rest_route=\/wp\/v2\/posts"}],"about":[{"href":"https:\/\/themexicopost.com\/index.php?rest_route=\/wp\/v2\/types\/post"}],"author":[{"embeddable":true,"href":"https:\/\/themexicopost.com\/index.php?rest_route=\/wp\/v2\/users\/1"}],"replies":[{"embeddable":true,"href":"https:\/\/themexicopost.com\/index.php?rest_route=%2Fwp%2Fv2%2Fcomments&post=58429"}],"version-history":[{"count":1,"href":"https:\/\/themexicopost.com\/index.php?rest_route=\/wp\/v2\/posts\/58429\/revisions"}],"predecessor-version":[{"id":58431,"href":"https:\/\/themexicopost.com\/index.php?rest_route=\/wp\/v2\/posts\/58429\/revisions\/58431"}],"wp:featuredmedia":[{"embeddable":true,"href":"https:\/\/themexicopost.com\/index.php?rest_route=\/wp\/v2\/media\/58430"}],"wp:attachment":[{"href":"https:\/\/themexicopost.com\/index.php?rest_route=%2Fwp%2Fv2%2Fmedia&parent=58429"}],"wp:term":[{"taxonomy":"category","embeddable":true,"href":"https:\/\/themexicopost.com\/index.php?rest_route=%2Fwp%2Fv2%2Fcategories&post=58429"},{"taxonomy":"post_tag","embeddable":true,"href":"https:\/\/themexicopost.com\/index.php?rest_route=%2Fwp%2Fv2%2Ftags&post=58429"}],"curies":[{"name":"wp","href":"https:\/\/api.w.org\/{rel}","templated":true}]}}