{"id":58443,"date":"2025-05-02T13:20:28","date_gmt":"2025-05-02T13:20:28","guid":{"rendered":"https:\/\/themexicopost.com\/?p=58443"},"modified":"2025-06-26T04:13:07","modified_gmt":"2025-06-26T10:13:07","slug":"waltz-es-la-primera-baja-en-el-gobierno-de-trump-lo-castigan-y-lo-mandan-a-la-onu","status":"publish","type":"post","link":"https:\/\/themexicopost.com\/?p=58443","title":{"rendered":"Waltz es la primera baja en el gobierno de Trump; lo castigan y lo mandan a la ONU"},"content":{"rendered":"\n<figure class=\"wp-block-pullquote\"><blockquote><p>Como cr\u00f3nica de una muerte anunciada, el despido de Waltz se da tras el esc\u00e1ndalo del chat en la plataforma de Signal.<\/p><\/blockquote><\/figure>\n\n\n\n<p class=\"has-drop-cap\">El presidente de los Estados Unidos, Donald Trump, corri\u00f3 a Mike Waltz como asesor de seguridad nacional en la Casa Blanca y, en un hecho que suena a castigo, lo mand\u00f3 a Naciones Unidas (ONU), mientras que, a Marco Rubio, secretario de Estado, le agreg\u00f3 el puesto del despedido.<br><\/p>\n\n\n\n<p>En su red social Truth Social, Trump coment\u00f3: \u201cMe complace anunciar que nominar\u00e9 a Mike Waltz para que sea el pr\u00f3ximo embajador de Estados Unidos en las Naciones Unidas\u201d, eludiendo admitir que el cambio es por despido de su otrora asesor.<br><\/p>\n\n\n\n<p>Adem\u00e1s se\u00f1al\u00f3 que el secretario Marco Rubio fungir\u00e1 como asesor de seguridad nacional y seguir\u00e1 ejerciendo su fuerte liderazgo en el Departamento de Estado. Juntos continuaremos luchando sin cansancio por hacer otra vez seguro a Estados Unidos y el mundo, acot\u00f3 Trump.<br><\/p>\n\n\n\n<p>Este despido de Waltz, como asesor de pol\u00edtica exterior en la Casa Blanca, era un hecho pronosticado desde hace varias semanas, a ra\u00edz del esc\u00e1ndalo del chat en la plataforma de Signal en la que por error Waltz permiti\u00f3 el ingreso del director editorial de la revista \u201cThe Atlantic\u201d.<br><\/p>\n\n\n\n<p>Se filtr\u00f3 en dicha conversaci\u00f3n cibern\u00e9tica, donde particip\u00f3 el secretario de Defensa, Pete Hegseth, detalles de una operaci\u00f3n de ataque del Pent\u00e1gono y se mencionaron otros temas delicados y sensibles sobre la seguridad naciones estadunidense.<br><\/p>\n\n\n\n<p>Al salir a la luz, este esc\u00e1ndalo, la Casa Blanca no pudo minimizar ni desmentir, se pens\u00f3 que Trump despedir\u00eda a Hegseth quien hace unos d\u00edas cometi\u00f3 otro error similar, sin embargo, el mandatario sali\u00f3 a protegerlo e indirectamente responsabiliz\u00f3 de todo a Waltz.<br><\/p>\n\n\n\n<p>\u201cDesde su tiempo como uniformado en el campo de batalla, en el Congreso y como mi asesor de seguridad nacional, Mike Waltz trabaj\u00f3 duro para poner primero a los intereses de la naci\u00f3n. S\u00e9 que har\u00e1 lo mismo en su nuevo papel\u201d, concluy\u00f3 el presidente de Estados Unidos.<br><\/p>\n\n\n\n<p>Con el despido de Waltz de la Casa Blanca, se est\u00e1 volviendo tradici\u00f3n o maldici\u00f3n que quienes ocupan ese puesto duran poco en el lugar; al inicio de la primera presidencia de Trump, en 2016, se dio el primer incidente de esta naturaleza con Michael Flynn.<\/p>\n","protected":false},"excerpt":{"rendered":"<p>Como cr\u00f3nica de una muerte anunciada, el despido de Waltz se da tras el esc\u00e1ndalo del chat en la plataforma de Signal. El presidente de los Estados Unidos, Donald Trump, corri\u00f3 a Mike Waltz como asesor de seguridad nacional en la Casa Blanca y, en un hecho que suena a castigo, lo mand\u00f3 a Naciones [&hellip;]<\/p>\n","protected":false},"author":1,"featured_media":58444,"comment_status":"closed","ping_status":"closed","sticky":false,"template":"","format":"standard","meta":{"footnotes":""},"categories":[83,80],"tags":[],"class_list":["post-58443","post","type-post","status-publish","format-standard","has-post-thumbnail","hentry","category-destacado","category-mundo"],"_links":{"self":[{"href":"https:\/\/themexicopost.com\/index.php?rest_route=\/wp\/v2\/posts\/58443","targetHints":{"allow":["GET"]}}],"collection":[{"href":"https:\/\/themexicopost.com\/index.php?rest_route=\/wp\/v2\/posts"}],"about":[{"href":"https:\/\/themexicopost.com\/index.php?rest_route=\/wp\/v2\/types\/post"}],"author":[{"embeddable":true,"href":"https:\/\/themexicopost.com\/index.php?rest_route=\/wp\/v2\/users\/1"}],"replies":[{"embeddable":true,"href":"https:\/\/themexicopost.com\/index.php?rest_route=%2Fwp%2Fv2%2Fcomments&post=58443"}],"version-history":[{"count":3,"href":"https:\/\/themexicopost.com\/index.php?rest_route=\/wp\/v2\/posts\/58443\/revisions"}],"predecessor-version":[{"id":58451,"href":"https:\/\/themexicopost.com\/index.php?rest_route=\/wp\/v2\/posts\/58443\/revisions\/58451"}],"wp:featuredmedia":[{"embeddable":true,"href":"https:\/\/themexicopost.com\/index.php?rest_route=\/wp\/v2\/media\/58444"}],"wp:attachment":[{"href":"https:\/\/themexicopost.com\/index.php?rest_route=%2Fwp%2Fv2%2Fmedia&parent=58443"}],"wp:term":[{"taxonomy":"category","embeddable":true,"href":"https:\/\/themexicopost.com\/index.php?rest_route=%2Fwp%2Fv2%2Fcategories&post=58443"},{"taxonomy":"post_tag","embeddable":true,"href":"https:\/\/themexicopost.com\/index.php?rest_route=%2Fwp%2Fv2%2Ftags&post=58443"}],"curies":[{"name":"wp","href":"https:\/\/api.w.org\/{rel}","templated":true}]}}