{"id":58465,"date":"2025-05-02T13:41:38","date_gmt":"2025-05-02T13:41:38","guid":{"rendered":"https:\/\/themexicopost.com\/?p=58465"},"modified":"2025-06-26T04:12:56","modified_gmt":"2025-06-26T10:12:56","slug":"marchas-choques-y-destrozos-marcan-este-dia-del-trabajo-en-todo-el-mundo","status":"publish","type":"post","link":"https:\/\/themexicopost.com\/?p=58465","title":{"rendered":"MARCHAS, CHOQUES Y DESTROZOS MARCAN ESTE D\u00cdA DEL TRABAJO EN TODO EL MUNDO"},"content":{"rendered":"\n<figure class=\"wp-block-pullquote\"><blockquote><p>Trabajadores en Asia, Europa y Am\u00e9rica se manifestaron exigiendo mejores derechos para los trabajadores y m\u00e1s justicia social.<\/p><\/blockquote><\/figure>\n\n\n\n<p class=\"has-drop-cap\">La jornada en el D\u00eda del Trabajo en todo el mundo estuvo plagada de varios incidentes de poca gravedad que se produjeron durante las manifestaciones sindicales por la conmemoraci\u00f3n del D\u00eda Internacional del Trabajo.<br><\/p>\n\n\n\n<p>Miles de personas salieron a las calles este primero de mayo en ciudades de Asia y Europa para exigir mejores condiciones laborales, alzas salariales y mayor justicia social; desde protestas pac\u00edficas en Katmand\u00fa hasta enfrentamientos con la polic\u00eda en Manila y Estambul. En Asia los obreros est\u00e1n preocupados por las afectaciones de los aranceles de Donald Trump, y piden mayor seguridad de sus derechos en un escenario de incertidumbre.<br><\/p>\n\n\n\n<h2 class=\"wp-block-heading\">Francia.<br><\/h2>\n\n\n\n<p>En las calles se pudieron observar varias decenas de detenciones, la mayor\u00eda de estas en Par\u00eds. De acuerdo a las autoridades, al menos 157.000 manifestantes salieron a las calles en todo el pa\u00eds, 32.000 de ellos solo en Par\u00eds, donde se hab\u00eda desplegado un dispositivo con m\u00e1s de 2.000 agentes para prevenir altercados que las autoridades tem\u00edan podr\u00edan ser provocados, no por parte de los organizadores, sino de grupos extremistas.<br><\/p>\n\n\n\n<p>La Confederaci\u00f3n General del Trabajo (CGT) estim\u00f3 en un comunicado que en los 270 desfiles contabilizados por todo el pa\u00eds hubo cerca de 300.000 personas, y su secretaria general, Sophie Binet, habl\u00f3 de un gran \u00e9xito de la convocatoria.<br><\/p>\n\n\n\n<p>Seg\u00fan la CGT, hubo m\u00e1s de 100.000 manifestantes en Par\u00eds; 15.000 en Marsella; 10.000 en Toulouse y Lyon; 5.000 en Brest; 4.000 en Montpellier y Caen; 3.650 en Narbona; 2.000 en Dunkerque y Nimes; 1.700 en Limoges o 1.200 en Avi\u00f1\u00f3n.<br><\/p>\n\n\n\n<h2 class=\"wp-block-heading\">Paraguay<br><\/h2>\n\n\n\n<figure class=\"wp-block-image size-large\"><img fetchpriority=\"high\" decoding=\"async\" width=\"1024\" height=\"684\" src=\"https:\/\/themexicopost.com\/wp-content\/uploads\/2025\/05\/MANI-3-1024x684.jpg\" alt=\"\" class=\"wp-image-58467\" srcset=\"https:\/\/themexicopost.com\/wp-content\/uploads\/2025\/05\/MANI-3-1024x684.jpg 1024w, https:\/\/themexicopost.com\/wp-content\/uploads\/2025\/05\/MANI-3-300x201.jpg 300w, https:\/\/themexicopost.com\/wp-content\/uploads\/2025\/05\/MANI-3-768x513.jpg 768w, https:\/\/themexicopost.com\/wp-content\/uploads\/2025\/05\/MANI-3.jpg 1200w\" sizes=\"(max-width: 1024px) 100vw, 1024px\" \/><\/figure>\n\n\n\n<p>Varios grupos sindicales marcharon en Paraguay para exigir salarios dignos, la creaci\u00f3n de puestos de trabajo para combatir la informalidad y pol\u00edticas que garanticen la libertad de la organizaci\u00f3n sindical.<br><\/p>\n\n\n\n<p>Se exig\u00eda por parte de los manifestantes aumentos del salario m\u00ednimo, establecido en 2.798.309 de guaran\u00edes (equivalentes a 348,40 d\u00f3lares). Muchos advirtieron que en Paraguay no hay libertad sindical, lo que, se evidencia en que casi no hay sindicatos en el sector privado.<br><\/p>\n\n\n\n<h2 class=\"wp-block-heading\">Venezuela<br><\/h2>\n\n\n\n<p>En Caracas unos 200 trabajadores y pensionados venezolanos protestan en contra de lo que consideran sueldos de &#8220;hambre y miseria&#8221;. Con pancartas y c\u00e1nticos, los empleados exigieron salarios que sean equivalentes al costo de la canasta b\u00e1sica de alimentos, discusi\u00f3n de los convenios colectivos, cr\u00e9ditos para viviendas, as\u00ed como seguro funerario. Asimismo, denunciaron la &#8220;muerte&#8221; del salario m\u00ednimo en Venezuela, actualmente en 130 bol\u00edvares, hoy 1,48 d\u00f3lares estadounidenses, a la tasa oficial.<br><\/p>\n\n\n\n<h2 class=\"wp-block-heading\">Turqu\u00eda<br><\/h2>\n\n\n\n<p>Las movilizaciones por el D\u00eda Internacional del Trabajo, convocadas por sindicatos y ONG en Estambul, derivaron en represi\u00f3n policial y enfrentamientos con la Polic\u00eda turca, en los que detuvieron a varios manifestantes.<br><\/p>\n\n\n\n<p>Estas represiones se dieron mientras avanzaban hacia la ic\u00f3nica plaza Taksim, donde est\u00e1n prohibidas las protestas. M\u00e1s informaci\u00f3n desde el lugar con nuestro corresponsal, Adri\u00e0 Rocha.<br><\/p>\n\n\n\n<figure class=\"wp-block-image size-large\"><img decoding=\"async\" width=\"1024\" height=\"684\" src=\"https:\/\/themexicopost.com\/wp-content\/uploads\/2025\/05\/MANI-4-1024x684.jpg\" alt=\"\" class=\"wp-image-58468\" srcset=\"https:\/\/themexicopost.com\/wp-content\/uploads\/2025\/05\/MANI-4-1024x684.jpg 1024w, https:\/\/themexicopost.com\/wp-content\/uploads\/2025\/05\/MANI-4-300x201.jpg 300w, https:\/\/themexicopost.com\/wp-content\/uploads\/2025\/05\/MANI-4-768x513.jpg 768w, https:\/\/themexicopost.com\/wp-content\/uploads\/2025\/05\/MANI-4.jpg 1200w\" sizes=\"(max-width: 1024px) 100vw, 1024px\" \/><\/figure>\n\n\n\n<h2 class=\"wp-block-heading\">T\u00fanez<br><\/h2>\n\n\n\n<p>Cientos de tunecinos salieron a las calles de la capital para conmemorar el D\u00eda del Trabajo, protestar contra el presidente Kais Saied y exigir la liberaci\u00f3n de las personalidades pol\u00edticas encarceladas.<br><\/p>\n\n\n\n<p>La manifestaci\u00f3n, a la que asistieron miembros de distintas facciones pol\u00edticas, fue convocada por la poderosa confederaci\u00f3n sindical tunecina UGTT y familiares de opositores detenidos.<br><\/p>\n\n\n\n<h2 class=\"wp-block-heading\">Italia<br><\/h2>\n\n\n\n<p>En varios puntos del pa\u00eds, los sindicalistas le exigieron al Gobierno, medidas que garanticen una mayor seguridad en el \u00e1mbito laboral.<br><\/p>\n\n\n\n<p>Las organizaciones sindicales CGIL, CISL y UIL han protestado en Roma; en Montemurlo (centro), donde una joven trabajadora muri\u00f3 en 2021 entre los engranajes de una f\u00e1brica, y en Casteldaccia (sur), donde otros cinco fallecieron al caer en una ba\u00f1era industrial.<br><\/p>\n\n\n\n<p>Su objetivo es denunciar lo que consideran &#8220;una matanza&#8221; en los puestos de trabajo pues, en 2024, los muertos en ese \u00e1mbito fueron 1.090, un 5 % m\u00e1s que el a\u00f1o anterior, una media de casi tres al d\u00eda, seg\u00fan datos oficiales.<br><\/p>\n\n\n\n<figure class=\"wp-block-image size-large\"><img decoding=\"async\" width=\"1024\" height=\"684\" src=\"https:\/\/themexicopost.com\/wp-content\/uploads\/2025\/05\/MANI-6-1024x684.jpg\" alt=\"\" class=\"wp-image-58469\" srcset=\"https:\/\/themexicopost.com\/wp-content\/uploads\/2025\/05\/MANI-6-1024x684.jpg 1024w, https:\/\/themexicopost.com\/wp-content\/uploads\/2025\/05\/MANI-6-300x201.jpg 300w, https:\/\/themexicopost.com\/wp-content\/uploads\/2025\/05\/MANI-6-768x513.jpg 768w, https:\/\/themexicopost.com\/wp-content\/uploads\/2025\/05\/MANI-6.jpg 1200w\" sizes=\"(max-width: 1024px) 100vw, 1024px\" \/><\/figure>\n\n\n\n<h2 class=\"wp-block-heading\">ONU<br><\/h2>\n\n\n\n<p>Con consignas como &#8220;el personal de la ONU no es una mercanc\u00eda&#8221; y &#8220;defendemos la humanidad&#8221;, cientos de empleados de distintas agencias de Naciones Unidas se concentraron frente a la sede europea del organismo para denunciar los recortes de personal que afectan a muchas instituciones internacionales.<br><\/p>\n\n\n\n<p>Estos recortes se han intensificado tras la reducci\u00f3n significativa de la financiaci\u00f3n por parte de su principal donante hist\u00f3rico: el Gobierno de Estados Unidos.<br><\/p>\n\n\n\n<p>La protesta fue respaldada por la Internacional de Servicios P\u00fablicos (PSI), la Federaci\u00f3n de Asociaciones de Funcionarios Internacionales (FICSA) y la Coordinadora de Sindicatos y Asociaciones de la ONU (CCISUA).<br><\/p>\n\n\n\n<h2 class=\"wp-block-heading\">Indonesia<br><\/h2>\n\n\n\n<p>En Indonesia, el presidente Prabowo Subianto sali\u00f3 a las calles de la capital, Yakarta, para saludar a miles de trabajadores que lo vitorearon en medio de una f\u00e9rrea seguridad policial y militar en el Parque Nacional de los Monumentos.<br><\/p>\n\n\n\n<p>Dentro de las exigencias est\u00e1n el fin de la subcontrataci\u00f3n, aumentos salariales y protecci\u00f3n para los trabajadores dom\u00e9sticos y migrantes en el extranjero.<br><\/p>\n\n\n\n<figure class=\"wp-block-image size-large\"><img loading=\"lazy\" decoding=\"async\" width=\"1024\" height=\"684\" src=\"https:\/\/themexicopost.com\/wp-content\/uploads\/2025\/05\/MANI-7-1024x684.jpg\" alt=\"\" class=\"wp-image-58470\" srcset=\"https:\/\/themexicopost.com\/wp-content\/uploads\/2025\/05\/MANI-7-1024x684.jpg 1024w, https:\/\/themexicopost.com\/wp-content\/uploads\/2025\/05\/MANI-7-300x201.jpg 300w, https:\/\/themexicopost.com\/wp-content\/uploads\/2025\/05\/MANI-7-768x513.jpg 768w, https:\/\/themexicopost.com\/wp-content\/uploads\/2025\/05\/MANI-7.jpg 1200w\" sizes=\"(max-width: 1024px) 100vw, 1024px\" \/><\/figure>\n\n\n\n<h2 class=\"wp-block-heading\">Taipei<br><\/h2>\n\n\n\n<p>Los manifestantes, que representan sectores que van desde la pesca hasta las telecomunicaciones, advirtieron sobre las consecuencias del aumento de los aranceles estadounidenses para los empleos en la isla.<br><\/p>\n\n\n\n<h2 class=\"wp-block-heading\">Serbia<br><\/h2>\n\n\n\n<p>Miles de personas en Serbia conmemoraron seis meses desde una tragedia en una estaci\u00f3n de tren en el norte del pa\u00eds que mat\u00f3 a 16 personas y desencaden\u00f3 una ola de protestas contra la corrupci\u00f3n que han sacudido el f\u00e9rreo control del presidente populista Aleksandar Vucic.<br><\/p>\n\n\n\n<p>Los sindicatos de trabajadores se unieron a los estudiantes universitarios en Belgrado, la capital de Serbia, para exigir cambios en las leyes laborales y de huelga como parte de las protestas del D\u00eda del Trabajo.<br><\/p>\n\n\n\n<h2 class=\"wp-block-heading\">Grecia<br><\/h2>\n\n\n\n<p>La asociaci\u00f3n de trabajadores PAME Greece International registr\u00f3 en sus redes sociales una manifestaci\u00f3n de miles de personas en Atenas acompa\u00f1ada con m\u00fasica.<br><\/p>\n\n\n\n<figure class=\"wp-block-image size-large\"><img loading=\"lazy\" decoding=\"async\" width=\"1024\" height=\"684\" src=\"https:\/\/themexicopost.com\/wp-content\/uploads\/2025\/05\/MANI-8-1024x684.jpg\" alt=\"\" class=\"wp-image-58471\" srcset=\"https:\/\/themexicopost.com\/wp-content\/uploads\/2025\/05\/MANI-8-1024x684.jpg 1024w, https:\/\/themexicopost.com\/wp-content\/uploads\/2025\/05\/MANI-8-300x201.jpg 300w, https:\/\/themexicopost.com\/wp-content\/uploads\/2025\/05\/MANI-8-768x513.jpg 768w, https:\/\/themexicopost.com\/wp-content\/uploads\/2025\/05\/MANI-8.jpg 1200w\" sizes=\"(max-width: 1024px) 100vw, 1024px\" \/><\/figure>\n\n\n\n<p>Mientras el transporte urbano y mar\u00edtimo se vio interrumpido debido a una huelga. Por un lado, los transbordadores de la Grecia continental y las islas de los mares Egeo y J\u00f3nico permanecen en los muelles. Por otro, el metro, los buses y los trolebuses de Atenas est\u00e1n en paro.<br><\/p>\n\n\n\n<h2 class=\"wp-block-heading\">Estados Unidos<br><\/h2>\n\n\n\n<p>En Estados Unidos, los organizadores formularon el de este a\u00f1o D\u00eda Internacional de los Trabajadores\u2019 protestas como retroceso contra lo que ven como el ataque radical de la administraci\u00f3n a las protecciones laborales, las iniciativas de diversidad y los empleados federales. Los manifestantes se alinearon en las calles de muchas ciudades, desde Nueva York hasta Filadelfia y Los \u00c1ngeles, y realizaron una bulliciosa manifestaci\u00f3n frente a la Casa Blanca en Washington.<br><\/p>\n\n\n\n<h2 class=\"wp-block-heading\">Cuba<br><\/h2>\n\n\n\n<p>Miles de cubanos se reunieron en la Plaza de la Revoluci\u00f3n de La Habana para conmemorar el Primero de Mayo, reviviendo una tradici\u00f3n que hab\u00eda quedado en suspenso en los \u00faltimos a\u00f1os<br><\/p>\n\n\n\n<h2 class=\"wp-block-heading\">M\u00ebxico<br><\/h2>\n\n\n\n<p>Durante la Marcha se registr\u00f3 la presencia sorpresiva de un grupo de encapuchados, lo cual gener\u00f3 sorpresa entre los asistentes. A diferencia de a\u00f1os anteriores, en esta ocasi\u00f3n participaron personas con actitudes agresivas, quienes presuntamente realizaron robos, destrozos, pintas y otros actos vand\u00e1licos. A su paso tambi\u00e9n saquearon tiendas de conveniencia y rompieron mobiliario, puertas, mamparas y vidrios.<\/p>\n\n\n\n<figure class=\"wp-block-image size-large\"><img loading=\"lazy\" decoding=\"async\" width=\"1024\" height=\"684\" src=\"https:\/\/themexicopost.com\/wp-content\/uploads\/2025\/05\/MANI-9-1024x684.jpg\" alt=\"\" class=\"wp-image-58472\" srcset=\"https:\/\/themexicopost.com\/wp-content\/uploads\/2025\/05\/MANI-9-1024x684.jpg 1024w, https:\/\/themexicopost.com\/wp-content\/uploads\/2025\/05\/MANI-9-300x201.jpg 300w, https:\/\/themexicopost.com\/wp-content\/uploads\/2025\/05\/MANI-9-768x513.jpg 768w, https:\/\/themexicopost.com\/wp-content\/uploads\/2025\/05\/MANI-9.jpg 1200w\" sizes=\"(max-width: 1024px) 100vw, 1024px\" \/><\/figure>\n","protected":false},"excerpt":{"rendered":"<p>Trabajadores en Asia, Europa y Am\u00e9rica se manifestaron exigiendo mejores derechos para los trabajadores y m\u00e1s justicia social.<\/p>\n","protected":false},"author":1,"featured_media":58466,"comment_status":"closed","ping_status":"closed","sticky":false,"template":"","format":"standard","meta":{"footnotes":""},"categories":[83,80,85],"tags":[],"class_list":["post-58465","post","type-post","status-publish","format-standard","has-post-thumbnail","hentry","category-destacado","category-mundo","category-portada"],"_links":{"self":[{"href":"https:\/\/themexicopost.com\/index.php?rest_route=\/wp\/v2\/posts\/58465","targetHints":{"allow":["GET"]}}],"collection":[{"href":"https:\/\/themexicopost.com\/index.php?rest_route=\/wp\/v2\/posts"}],"about":[{"href":"https:\/\/themexicopost.com\/index.php?rest_route=\/wp\/v2\/types\/post"}],"author":[{"embeddable":true,"href":"https:\/\/themexicopost.com\/index.php?rest_route=\/wp\/v2\/users\/1"}],"replies":[{"embeddable":true,"href":"https:\/\/themexicopost.com\/index.php?rest_route=%2Fwp%2Fv2%2Fcomments&post=58465"}],"version-history":[{"count":1,"href":"https:\/\/themexicopost.com\/index.php?rest_route=\/wp\/v2\/posts\/58465\/revisions"}],"predecessor-version":[{"id":58473,"href":"https:\/\/themexicopost.com\/index.php?rest_route=\/wp\/v2\/posts\/58465\/revisions\/58473"}],"wp:featuredmedia":[{"embeddable":true,"href":"https:\/\/themexicopost.com\/index.php?rest_route=\/wp\/v2\/media\/58466"}],"wp:attachment":[{"href":"https:\/\/themexicopost.com\/index.php?rest_route=%2Fwp%2Fv2%2Fmedia&parent=58465"}],"wp:term":[{"taxonomy":"category","embeddable":true,"href":"https:\/\/themexicopost.com\/index.php?rest_route=%2Fwp%2Fv2%2Fcategories&post=58465"},{"taxonomy":"post_tag","embeddable":true,"href":"https:\/\/themexicopost.com\/index.php?rest_route=%2Fwp%2Fv2%2Ftags&post=58465"}],"curies":[{"name":"wp","href":"https:\/\/api.w.org\/{rel}","templated":true}]}}