{"id":58631,"date":"2025-05-07T07:48:21","date_gmt":"2025-05-07T13:48:21","guid":{"rendered":"https:\/\/themexicopost.com\/?p=58631"},"modified":"2025-06-26T04:53:02","modified_gmt":"2025-06-26T10:53:02","slug":"otorgan-a-gisele-pelicot-el-premio-frances-liberte-2025","status":"publish","type":"post","link":"https:\/\/themexicopost.com\/?p=58631","title":{"rendered":"Otorgan a Gis\u00e8le Pelicot el premio franc\u00e9s Libert\u00e9 2025"},"content":{"rendered":"\n<figure class=\"wp-block-pullquote\"><blockquote><p>La mujer se gan\u00f3 el reconocimiento de miles de franceses cuando permiti\u00f3 que el juicio en contra de su esposo fuera de vista p\u00fablica, se\u00f1alando que &#8220;la verg\u00fcenza deb\u00eda pasarse al campo de los agresores&#8221;.<\/p><\/blockquote><\/figure>\n\n\n\n<p class=\"has-drop-cap\">La francesa Gis\u00e8le Pelicot fue galardonada con el premio franc\u00e9s Libert\u00e9 2025, gracias al voto en l\u00ednea de m\u00e1s de 10,000 j\u00f3venes de 84 pa\u00edses, el reconocimiento se dio por su combate contra la banalizaci\u00f3n de la violaci\u00f3n y las violencias sexuales, inform\u00f3 la organizaci\u00f3n.<br><\/p>\n\n\n\n<p>Con 72 a\u00f1os, Pelicot se convirti\u00f3 en 2024 en una de las figuras francesas m\u00e1s reconocidas durante el proceso judicial en el que tuvo que enfrentarse a 51 acusados de haberla violado en estado de inconsciencia durante casi una d\u00e9cada, incluido su exmarido.<br><\/p>\n\n\n\n<p>Pero lo que m\u00e1s genero admiraci\u00f3n, fue cuando durante el juicio celebrado en Avi\u00f1\u00f3n, la mujer solicit\u00f3 que las vistas se celebraran p\u00fablicamente para que \u201cla verg\u00fcenza pasase al campo de los agresores\u201d.<br><\/p>\n\n\n\n<p>Este caso concluy\u00f3 con una condena a 20 a\u00f1os de prisi\u00f3n, la pena m\u00e1xima, contra su exesposo Dominique Pelicot. Se le declar\u00f3 culpable de haber drogado a Gis\u00e8le durante m\u00e1s de una d\u00e9cada y haber orquestado que al menos 50 hombres la violaran mientras ella se encontraba en un estado inconsciente.<br><\/p>\n\n\n\n<p>Tras la sentencia, Gis\u00e8le expres\u00f3 su gratitud hacia quienes la apoyaron durante el proceso judicial y destac\u00f3 la importancia de continuar luchando por una sociedad m\u00e1s equitativa.<br><\/p>\n\n\n\n<p>El caso tambi\u00e9n desat\u00f3 un debate en Francia sobre el consentimiento y las estructuras de poder que perpet\u00faan la violencia de g\u00e9nero.<br><\/p>\n\n\n\n<p>En la s\u00e9ptima edici\u00f3n del premio Libert\u00e9, creado por la regi\u00f3n francesa de Normand\u00eda para sensibilizar a los m\u00e1s j\u00f3venes sobre la libertad, la paz y los derechos humanos, Pelicot sucede al periodista palestino en favor del acceso a la informaci\u00f3n Motaz Aza\u00efza, vencedor en 2024.<br><\/p>\n\n\n\n<p>Otras galardonadas han sido Greta Thunberg (2019); la rapera afgana y militante contra los matrimonios forzosos Sonita Alizadeh (2021); y la ONG Child Rights and Rehabilitation Network (2022) sobre la protecci\u00f3n de los derechos de los menores.<\/p>\n","protected":false},"excerpt":{"rendered":"<p>La mujer se gan\u00f3 el reconocimiento de miles de franceses cuando permiti\u00f3 que el juicio en contra de su esposo fuera de vista p\u00fablica, se\u00f1alando que &#8220;la verg\u00fcenza deb\u00eda pasarse al campo de los agresores&#8221;. La francesa Gis\u00e8le Pelicot fue galardonada con el premio franc\u00e9s Libert\u00e9 2025, gracias al voto en l\u00ednea de m\u00e1s de [&hellip;]<\/p>\n","protected":false},"author":1,"featured_media":58632,"comment_status":"closed","ping_status":"closed","sticky":false,"template":"","format":"standard","meta":{"footnotes":""},"categories":[80],"tags":[],"class_list":["post-58631","post","type-post","status-publish","format-standard","has-post-thumbnail","hentry","category-mundo"],"_links":{"self":[{"href":"https:\/\/themexicopost.com\/index.php?rest_route=\/wp\/v2\/posts\/58631","targetHints":{"allow":["GET"]}}],"collection":[{"href":"https:\/\/themexicopost.com\/index.php?rest_route=\/wp\/v2\/posts"}],"about":[{"href":"https:\/\/themexicopost.com\/index.php?rest_route=\/wp\/v2\/types\/post"}],"author":[{"embeddable":true,"href":"https:\/\/themexicopost.com\/index.php?rest_route=\/wp\/v2\/users\/1"}],"replies":[{"embeddable":true,"href":"https:\/\/themexicopost.com\/index.php?rest_route=%2Fwp%2Fv2%2Fcomments&post=58631"}],"version-history":[{"count":1,"href":"https:\/\/themexicopost.com\/index.php?rest_route=\/wp\/v2\/posts\/58631\/revisions"}],"predecessor-version":[{"id":58633,"href":"https:\/\/themexicopost.com\/index.php?rest_route=\/wp\/v2\/posts\/58631\/revisions\/58633"}],"wp:featuredmedia":[{"embeddable":true,"href":"https:\/\/themexicopost.com\/index.php?rest_route=\/wp\/v2\/media\/58632"}],"wp:attachment":[{"href":"https:\/\/themexicopost.com\/index.php?rest_route=%2Fwp%2Fv2%2Fmedia&parent=58631"}],"wp:term":[{"taxonomy":"category","embeddable":true,"href":"https:\/\/themexicopost.com\/index.php?rest_route=%2Fwp%2Fv2%2Fcategories&post=58631"},{"taxonomy":"post_tag","embeddable":true,"href":"https:\/\/themexicopost.com\/index.php?rest_route=%2Fwp%2Fv2%2Ftags&post=58631"}],"curies":[{"name":"wp","href":"https:\/\/api.w.org\/{rel}","templated":true}]}}