{"id":58672,"date":"2025-05-08T07:04:55","date_gmt":"2025-05-08T13:04:55","guid":{"rendered":"https:\/\/themexicopost.com\/?p=58672"},"modified":"2025-06-26T04:55:11","modified_gmt":"2025-06-26T10:55:11","slug":"linkin-park-encabezara-show-en-la-final-de-la-champions-league-2025","status":"publish","type":"post","link":"https:\/\/themexicopost.com\/?p=58672","title":{"rendered":"Linkin Park encabezar\u00e1 show en la final de la Champions League 2025"},"content":{"rendered":"\n<figure class=\"wp-block-pullquote\"><blockquote><p>Linkin Park ya ha participado en festivales ic\u00f3nicos como Rock am Ring, Lollapalooza y Download Festival<\/p><\/blockquote><\/figure>\n\n\n\n<p class=\"has-drop-cap\">La banda Linkin Park ser\u00e1 la protagonista del show de apertura en la final de la Champions League 2025, que se celebrar\u00e1 el s\u00e1bado 31 de mayo en el Allianz Arena de M\u00fanich.<br><\/p>\n\n\n\n<p>La final ser\u00e1 disputada entre el PSG y el Inter de Mil\u00e1n, y se ha proyectado que el partido ser\u00e1 visto por millones de personas en todo el mundo; marcando una nueva etapa para la agrupaci\u00f3n tras a\u00f1os de silencio.<br><\/p>\n\n\n\n<p>Tras una prolongada pausa provocada por la muerte de Chester Bennington en 2017, el retornar de la banda a los escenarios en 2024 con nueva formaci\u00f3n fue muy emotiva, tanto para los integrantes como para sus seguidores.<br><\/p>\n\n\n\n<p>Ahora con la vocalista Emily Armstrong, se puede escuchar un sonido renovado mientras se prepara para interpretar canciones de su nuevo \u00e1lbum From Zero, un trabajo que simboliza un renacer art\u00edstico.<br><\/p>\n\n\n\n<p>Linkin Park ya ha participado en festivales ic\u00f3nicos como Rock am Ring, Lollapalooza y Download Festival, pero esta es su primera actuaci\u00f3n en una final deportiva de alcance global.<br><\/p>\n\n\n\n<p>Algunos artistas como Dua Lipa, Imagine Dragons o Marshmello, fueron parte del show de la Champions en a\u00f1os anteriores, y ahora es el turno de la banda californiana que se estrena en este tipo de espect\u00e1culos masivos.<br><\/p>\n\n\n\n<p>Ser\u00e1 la primera vez que una banda de rock alternativo act\u00fae en una final de Champions desde que la UEFA inici\u00f3 sus shows previos al partido en 2016.<br><\/p>\n\n\n\n<p>Se ha dicho que la banda ha preparado una versi\u00f3n especial de su legendario tema Numb, en formato remix, que incluir\u00e1 sonidos propios del campeonato de f\u00fatbol. Buscando mantener el compromiso del grupo con el evento y su intenci\u00f3n de conectar directamente con el esp\u00edritu de la final. La presentaci\u00f3n ser\u00e1 transmitida en vivo a trav\u00e9s de las plataformas oficiales de la UEFA, incluyendo su canal de YouTube y se\u00f1ales internacionales de televisi\u00f3n.<br><\/p>\n\n\n\n<p>La presentaci\u00f3n en M\u00fanich es solo una parada m\u00e1s dentro de la gira mundial From Zero World Tour, que arranc\u00f3 en septiembre de 2024 en Los \u00c1ngeles y se extender\u00e1 hasta noviembre de 2025.<br><\/p>\n\n\n\n<p>En Europa, uno de los conciertos m\u00e1s esperados es el que ofrecer\u00e1n en el estadio de Wembley, en Reino Unido, donde tocar\u00e1n ante m\u00e1s de 90 mil personas.<\/p>\n","protected":false},"excerpt":{"rendered":"<p>Linkin Park ya ha participado en festivales ic\u00f3nicos como Rock am Ring, Lollapalooza y Download Festival La banda Linkin Park ser\u00e1 la protagonista del show de apertura en la final de la Champions League 2025, que se celebrar\u00e1 el s\u00e1bado 31 de mayo en el Allianz Arena de M\u00fanich. La final ser\u00e1 disputada entre el [&hellip;]<\/p>\n","protected":false},"author":1,"featured_media":58673,"comment_status":"closed","ping_status":"closed","sticky":false,"template":"","format":"standard","meta":{"footnotes":""},"categories":[78],"tags":[],"class_list":["post-58672","post","type-post","status-publish","format-standard","has-post-thumbnail","hentry","category-espectaculos"],"_links":{"self":[{"href":"https:\/\/themexicopost.com\/index.php?rest_route=\/wp\/v2\/posts\/58672","targetHints":{"allow":["GET"]}}],"collection":[{"href":"https:\/\/themexicopost.com\/index.php?rest_route=\/wp\/v2\/posts"}],"about":[{"href":"https:\/\/themexicopost.com\/index.php?rest_route=\/wp\/v2\/types\/post"}],"author":[{"embeddable":true,"href":"https:\/\/themexicopost.com\/index.php?rest_route=\/wp\/v2\/users\/1"}],"replies":[{"embeddable":true,"href":"https:\/\/themexicopost.com\/index.php?rest_route=%2Fwp%2Fv2%2Fcomments&post=58672"}],"version-history":[{"count":1,"href":"https:\/\/themexicopost.com\/index.php?rest_route=\/wp\/v2\/posts\/58672\/revisions"}],"predecessor-version":[{"id":58674,"href":"https:\/\/themexicopost.com\/index.php?rest_route=\/wp\/v2\/posts\/58672\/revisions\/58674"}],"wp:featuredmedia":[{"embeddable":true,"href":"https:\/\/themexicopost.com\/index.php?rest_route=\/wp\/v2\/media\/58673"}],"wp:attachment":[{"href":"https:\/\/themexicopost.com\/index.php?rest_route=%2Fwp%2Fv2%2Fmedia&parent=58672"}],"wp:term":[{"taxonomy":"category","embeddable":true,"href":"https:\/\/themexicopost.com\/index.php?rest_route=%2Fwp%2Fv2%2Fcategories&post=58672"},{"taxonomy":"post_tag","embeddable":true,"href":"https:\/\/themexicopost.com\/index.php?rest_route=%2Fwp%2Fv2%2Ftags&post=58672"}],"curies":[{"name":"wp","href":"https:\/\/api.w.org\/{rel}","templated":true}]}}