{"id":58675,"date":"2025-05-08T07:05:38","date_gmt":"2025-05-08T13:05:38","guid":{"rendered":"https:\/\/themexicopost.com\/?p=58675"},"modified":"2025-06-26T04:55:09","modified_gmt":"2025-06-26T10:55:09","slug":"operan-a-ricardo-perez-problema-en-la-rodilla-no-le-permitia-caminar","status":"publish","type":"post","link":"https:\/\/themexicopost.com\/?p=58675","title":{"rendered":"Operan a Ricardo P\u00e9rez; problema en la rodilla no le permit\u00eda caminar"},"content":{"rendered":"\n<figure class=\"wp-block-pullquote\"><blockquote><p>Mediante sus redes sociales, el comediante inform\u00f3 que se hab\u00eda sometido a una intervenci\u00f3n por un malestar que le aquejaba desde muchos a\u00f1os atr\u00e1s.<\/p><\/blockquote><\/figure>\n\n\n\n<p class=\"has-drop-cap\">El comediante y standupero Ricardo P\u00e9rez mediante sus redes sociales inform\u00f3 a sus seguidores que se someti\u00f3 a una operaci\u00f3n tras los problemas de salud que lo aquejan.<br><\/p>\n\n\n\n<p>Fue a trav\u00e9s de Instagram, en donde public\u00f3 una foto, donde aparece con una bata y una m\u00e1scara de ox\u00edgeno desde la cama de un hospital.<br><\/p>\n\n\n\n<p>En la publicaci\u00f3n se puede leer, &#8220;\u00bfQu\u00e9 me pas\u00f3? La rodilla, toda la vida he batallado con la rodilla y acab\u00f3 de valer. Si quieren m\u00e1s detalles, preg\u00fantenle a mi doctor&#8221;.<br><\/p>\n\n\n\n<p>Tambi\u00e9n aclar\u00f3 que ten\u00eda un dolor en la rodilla, desde hac\u00eda mucho tiempo. El famoso sorprendi\u00f3 al revelar que llevaba dos semanas sin poder caminar, por lo que tuvo que someterse a una cirug\u00eda.<br><\/p>\n\n\n\n<p>&#8220;Ya llevaba poco m\u00e1s de dos semanas sin poder caminar y justo le pregunt\u00e9 al &#8216;Cojo Feliz&#8217; en d\u00f3nde conseguir un bast\u00f3n chido porque solo encontraba de farmacia. Me regal\u00f3 uno el domingo y me dijo, ojal\u00e1 lo uses poco. Pinche tipazo&#8221;, a\u00f1adi\u00f3 a trav\u00e9s de un video platicando con sus seguidores.<br><\/p>\n\n\n\n<p>P\u00e9rez trat\u00f3 de calmar a su comunidad conocida como &#8220;los cotorros&#8221;, quienes se mostraron preocupados por su estado de salud, sobre todo despu\u00e9s de la revelaci\u00f3n de que no pod\u00eda caminar.<br><\/p>\n\n\n\n<p>Y tras una serie de publicaci\u00f3n en historias de Instagram el comediante actualiz\u00f3 su estado de salud. El integrante de &#8220;La Cotorrisa&#8221; dej\u00f3 claro que se encuentra bien y que no hay nada de que preocuparse.<br><\/p>\n\n\n\n<p>&#8220;Ya sal\u00ed, estoy bien, ya solo queda el camino a la recuperaci\u00f3n. Me estoy poniendo las pilas para recuperarme, estamos bien y estamos vivos&#8221;, argument\u00f3 Ricardo P\u00e9rez, tranquilizando a los seguidores que se preocuparon. El comediante dej\u00f3 claro que sus shows seguir\u00e1n en pie y no cancelar\u00e1 ninguna de sus presentaciones en vivo.<br><\/p>\n\n\n\n<p>El famoso no explic\u00f3 qu\u00e9 le pas\u00f3 a ciencia cierta, pero adelant\u00f3 que eran problemas en la rodilla que lo que llevaban aquejando desde hace varios a\u00f1os. El famoso no se salv\u00f3 de la pol\u00e9mica, pues desat\u00f3 cr\u00edticas tras expresar que hab\u00eda probado el fentanilo, por lo que luego sali\u00f3 a aclarar sus palabras.<\/p>\n","protected":false},"excerpt":{"rendered":"<p>Mediante sus redes sociales, el comediante inform\u00f3 que se hab\u00eda sometido a una intervenci\u00f3n por un malestar que le aquejaba desde muchos a\u00f1os atr\u00e1s. El comediante y standupero Ricardo P\u00e9rez mediante sus redes sociales inform\u00f3 a sus seguidores que se someti\u00f3 a una operaci\u00f3n tras los problemas de salud que lo aquejan. Fue a trav\u00e9s [&hellip;]<\/p>\n","protected":false},"author":1,"featured_media":58676,"comment_status":"closed","ping_status":"closed","sticky":false,"template":"","format":"standard","meta":{"footnotes":""},"categories":[83,78],"tags":[],"class_list":["post-58675","post","type-post","status-publish","format-standard","has-post-thumbnail","hentry","category-destacado","category-espectaculos"],"_links":{"self":[{"href":"https:\/\/themexicopost.com\/index.php?rest_route=\/wp\/v2\/posts\/58675","targetHints":{"allow":["GET"]}}],"collection":[{"href":"https:\/\/themexicopost.com\/index.php?rest_route=\/wp\/v2\/posts"}],"about":[{"href":"https:\/\/themexicopost.com\/index.php?rest_route=\/wp\/v2\/types\/post"}],"author":[{"embeddable":true,"href":"https:\/\/themexicopost.com\/index.php?rest_route=\/wp\/v2\/users\/1"}],"replies":[{"embeddable":true,"href":"https:\/\/themexicopost.com\/index.php?rest_route=%2Fwp%2Fv2%2Fcomments&post=58675"}],"version-history":[{"count":1,"href":"https:\/\/themexicopost.com\/index.php?rest_route=\/wp\/v2\/posts\/58675\/revisions"}],"predecessor-version":[{"id":58677,"href":"https:\/\/themexicopost.com\/index.php?rest_route=\/wp\/v2\/posts\/58675\/revisions\/58677"}],"wp:featuredmedia":[{"embeddable":true,"href":"https:\/\/themexicopost.com\/index.php?rest_route=\/wp\/v2\/media\/58676"}],"wp:attachment":[{"href":"https:\/\/themexicopost.com\/index.php?rest_route=%2Fwp%2Fv2%2Fmedia&parent=58675"}],"wp:term":[{"taxonomy":"category","embeddable":true,"href":"https:\/\/themexicopost.com\/index.php?rest_route=%2Fwp%2Fv2%2Fcategories&post=58675"},{"taxonomy":"post_tag","embeddable":true,"href":"https:\/\/themexicopost.com\/index.php?rest_route=%2Fwp%2Fv2%2Ftags&post=58675"}],"curies":[{"name":"wp","href":"https:\/\/api.w.org\/{rel}","templated":true}]}}