{"id":58724,"date":"2025-05-08T07:39:25","date_gmt":"2025-05-08T13:39:25","guid":{"rendered":"https:\/\/themexicopost.com\/?p=58724"},"modified":"2025-06-26T04:54:44","modified_gmt":"2025-06-26T10:54:44","slug":"corea-del-norte-dispara-varios-misiles-hacia-las-aguas-orientales-de-surcorea","status":"publish","type":"post","link":"https:\/\/themexicopost.com\/?p=58724","title":{"rendered":"Corea del Norte dispara varios misiles hacia las aguas orientales de Surcorea"},"content":{"rendered":"\n<figure class=\"wp-block-pullquote\"><blockquote><p>El mes pasado Corea del Norte confirm\u00f3 por primera vez el env\u00edo de tropas de combate para ayudar a Rusia<\/p><\/blockquote><\/figure>\n\n\n\n<p class=\"has-drop-cap\">Corea del Norte dispar\u00f3 varios tipos de misiles bal\u00edsticos de corto alcance hacia sus aguas orientales, seg\u00fan inform\u00f3 el ej\u00e9rcito surcoreano, sum\u00e1ndose a una serie de exhibiciones militares que han generado animosidad en la regi\u00f3n. Oficiales militares surcoreanos analizaban si las pruebas estaban relacionadas con las exportaciones de armas de Corea del Norte a Rusia durante su guerra en Ucrania.<br><\/p>\n\n\n\n<p>Corea del Sur indic\u00f3 que se lanzaron m\u00faltiples misiles desde los alrededores de la ciudad portuaria oriental de Wonsan y que el m\u00e1s lejano recorri\u00f3 unos 800 kil\u00f3metros. No confirm\u00f3 de inmediato el n\u00famero exacto de misiles detectados.<br><\/p>\n\n\n\n<p>Lee Sung Joon, portavoz del Estado Mayor Conjunto, dijo en una sesi\u00f3n informativa que los lanzamientos norcoreanos posiblemente ten\u00edan como objetivo probar el rendimiento de las armas que planea exportar, ya que el pa\u00eds contin\u00faa enviando equipo militar y tropas para impulsar la guerra de Rusia contra Ucrania.<br><\/p>\n\n\n\n<p>Se\u00f1alaron que probablemente involucraron un sistema de misiles bal\u00edsticos de corto alcance lanzado desde veh\u00edculos y tambi\u00e9n sistemas de artiller\u00eda de cohetes de gran calibre, que difuminan la l\u00ednea entre la artiller\u00eda tradicional y los sistemas bal\u00edsticos debido a su autopropulsi\u00f3n y vuelo guiado.<br><\/p>\n\n\n\n<p>El ministro de Defensa japon\u00e9s, general Nakatani, declar\u00f3 a la prensa que ninguno de los misiles norcoreanos alcanz\u00f3 la zona econ\u00f3mica exclusiva de Jap\u00f3n y que no se produjeron da\u00f1os a buques ni aeronaves en la zona.<br><\/p>\n\n\n\n<figure class=\"wp-block-image size-large\"><img fetchpriority=\"high\" decoding=\"async\" width=\"1024\" height=\"684\" src=\"https:\/\/themexicopost.com\/wp-content\/uploads\/2025\/05\/corea-1024x684.jpg\" alt=\"\" class=\"wp-image-58726\" srcset=\"https:\/\/themexicopost.com\/wp-content\/uploads\/2025\/05\/corea-1024x684.jpg 1024w, https:\/\/themexicopost.com\/wp-content\/uploads\/2025\/05\/corea-300x201.jpg 300w, https:\/\/themexicopost.com\/wp-content\/uploads\/2025\/05\/corea-768x513.jpg 768w, https:\/\/themexicopost.com\/wp-content\/uploads\/2025\/05\/corea.jpg 1200w\" sizes=\"(max-width: 1024px) 100vw, 1024px\" \/><\/figure>\n\n\n\n<p>Esta fue la primera actividad bal\u00edstica conocida de Corea del Norte desde el 10 de marzo, cuando dispar\u00f3 varios misiles bal\u00edsticos horas despu\u00e9s de que tropas estadounidenses y surcoreanas iniciaran un ejercicio militar conjunto anual, y el sexto lanzamiento del pa\u00eds este a\u00f1o.<br><\/p>\n\n\n\n<p>El lanzamiento se produjo un d\u00eda despu\u00e9s de que medios estatales norcoreanos informaran que Kim Jong Un inst\u00f3 a los fabricantes de municiones a aumentar la producci\u00f3n de proyectiles de artiller\u00eda, en medio de su creciente alineamiento con Mosc\u00fa.<br><\/p>\n\n\n\n<p>El mes pasado Corea del Norte confirm\u00f3 el mes pasado por primera vez el env\u00edo de tropas de combate para ayudar a Rusia a recuperar partes de la regi\u00f3n de Kursk, que hab\u00eda ca\u00eddo ante una sorpresiva incursi\u00f3n ucraniana el a\u00f1o pasado.<br><\/p>\n\n\n\n<p>Mosc\u00fa tambi\u00e9n reconoci\u00f3 la participaci\u00f3n norcoreana, y el presidente ruso, Vladimir Putin, emiti\u00f3 un comunicado en el que agradeci\u00f3 a Corea del Norte el env\u00edo de tropas para apoyar a sus fuerzas y prometi\u00f3 no olvidar sus sacrificios.<br><\/p>\n\n\n\n<p>Al formalizar su participaci\u00f3n en la guerra, Corea del Norte tambi\u00e9n podr\u00eda estar prepar\u00e1ndose para buscar una compensaci\u00f3n en futuras negociaciones para poner fin al conflicto en Ucrania, seg\u00fan un informe reciente del Instituto para la Estrategia de Seguridad Nacional, un centro de estudios afiliado a la agencia de inteligencia de Corea del Sur.<\/p>\n","protected":false},"excerpt":{"rendered":"<p>El mes pasado Corea del Norte confirm\u00f3 por primera vez el env\u00edo de tropas de combate para ayudar a Rusia Corea del Norte dispar\u00f3 varios tipos de misiles bal\u00edsticos de corto alcance hacia sus aguas orientales, seg\u00fan inform\u00f3 el ej\u00e9rcito surcoreano, sum\u00e1ndose a una serie de exhibiciones militares que han generado animosidad en la regi\u00f3n. [&hellip;]<\/p>\n","protected":false},"author":1,"featured_media":58725,"comment_status":"closed","ping_status":"closed","sticky":false,"template":"","format":"standard","meta":{"footnotes":""},"categories":[83,80],"tags":[],"class_list":["post-58724","post","type-post","status-publish","format-standard","has-post-thumbnail","hentry","category-destacado","category-mundo"],"_links":{"self":[{"href":"https:\/\/themexicopost.com\/index.php?rest_route=\/wp\/v2\/posts\/58724","targetHints":{"allow":["GET"]}}],"collection":[{"href":"https:\/\/themexicopost.com\/index.php?rest_route=\/wp\/v2\/posts"}],"about":[{"href":"https:\/\/themexicopost.com\/index.php?rest_route=\/wp\/v2\/types\/post"}],"author":[{"embeddable":true,"href":"https:\/\/themexicopost.com\/index.php?rest_route=\/wp\/v2\/users\/1"}],"replies":[{"embeddable":true,"href":"https:\/\/themexicopost.com\/index.php?rest_route=%2Fwp%2Fv2%2Fcomments&post=58724"}],"version-history":[{"count":1,"href":"https:\/\/themexicopost.com\/index.php?rest_route=\/wp\/v2\/posts\/58724\/revisions"}],"predecessor-version":[{"id":58727,"href":"https:\/\/themexicopost.com\/index.php?rest_route=\/wp\/v2\/posts\/58724\/revisions\/58727"}],"wp:featuredmedia":[{"embeddable":true,"href":"https:\/\/themexicopost.com\/index.php?rest_route=\/wp\/v2\/media\/58725"}],"wp:attachment":[{"href":"https:\/\/themexicopost.com\/index.php?rest_route=%2Fwp%2Fv2%2Fmedia&parent=58724"}],"wp:term":[{"taxonomy":"category","embeddable":true,"href":"https:\/\/themexicopost.com\/index.php?rest_route=%2Fwp%2Fv2%2Fcategories&post=58724"},{"taxonomy":"post_tag","embeddable":true,"href":"https:\/\/themexicopost.com\/index.php?rest_route=%2Fwp%2Fv2%2Ftags&post=58724"}],"curies":[{"name":"wp","href":"https:\/\/api.w.org\/{rel}","templated":true}]}}