{"id":59287,"date":"2025-05-16T07:39:15","date_gmt":"2025-05-16T13:39:15","guid":{"rendered":"https:\/\/themexicopost.com\/?p=59287"},"modified":"2025-06-26T05:05:58","modified_gmt":"2025-06-26T11:05:58","slug":"se-uniran-reino-unido-y-alemania-para-desarrollar-arma-de-ataque-de-precision-profunda","status":"publish","type":"post","link":"https:\/\/themexicopost.com\/?p=59287","title":{"rendered":"Se unir\u00e1n Reino Unido y Alemania para desarrollar arma de ataque de precisi\u00f3n profunda"},"content":{"rendered":"\n<figure class=\"wp-block-pullquote\"><blockquote><p>Ambos pa\u00edses ser\u00e1n los encargados de desarrollar esta arma con un alcance superior a 2,000 kil\u00f3metros.<\/p><\/blockquote><\/figure>\n\n\n\n<p class=\"has-drop-cap\">Dos de los pa\u00edses de Europa, Reino Unido y Alemania est\u00e1n, plante\u00e1ndose desarrollar conjuntamente una nueva arma de &#8220;ataque de precisi\u00f3n profunda&#8221; con un alcance superior a 2,000 kil\u00f3metros, inform\u00f3 el Gobierno brit\u00e1nico.<br><\/p>\n\n\n\n<p>Este es un momento en que las dos mayores econom\u00edas de Europa intensifican su cooperaci\u00f3n en materia de defensa. Con este proyecto se tendr\u00e1 un compromiso adquirido el a\u00f1o pasado para desarrollar nuevas armas, cuando ambos pa\u00edses firmaron un pacto bilateral de defensa y subrayaron la necesidad de que Europa pudiera defenderse de cualquier escalada de la guerra en Ucrania.<br><\/p>\n\n\n\n<p>Tras asumir Donald Trump el cargo como presidente, dej\u00f3 en claro que Europa asuma la responsabilidad de su propia seguridad, lo que ha desencadenado una pugna en el continente para encontrar formas de impulsar las industrias de defensa nacionales.<br><\/p>\n\n\n\n<p>El ministro de Defensa brit\u00e1nico, John Healey, y su hom\u00f3logo alem\u00e1n, Boris Pistorius, anunciar\u00e1n el nuevo proyecto de armas de largo alcance en una reuni\u00f3n en Berl\u00edn.<br><\/p>\n\n\n\n<p>Se\u00f1alaron que esta asociaci\u00f3n nos est\u00e1 ayudando a hacer de la defensa un motor de crecimiento, creando puestos de trabajo, impulsando las cualificaciones y fomentando la inversi\u00f3n en Reino Unido y Alemania.<br><\/p>\n\n\n\n<p>El comunicado no ofrece m\u00e1s detalles sobre el calendario o el presupuesto del proyecto.<\/p>\n","protected":false},"excerpt":{"rendered":"<p>Ambos pa\u00edses ser\u00e1n los encargados de desarrollar esta arma con un alcance superior a 2,000 kil\u00f3metros. Dos de los pa\u00edses de Europa, Reino Unido y Alemania est\u00e1n, plante\u00e1ndose desarrollar conjuntamente una nueva arma de &#8220;ataque de precisi\u00f3n profunda&#8221; con un alcance superior a 2,000 kil\u00f3metros, inform\u00f3 el Gobierno brit\u00e1nico. Este es un momento en que [&hellip;]<\/p>\n","protected":false},"author":1,"featured_media":59288,"comment_status":"closed","ping_status":"closed","sticky":false,"template":"","format":"standard","meta":{"footnotes":""},"categories":[80],"tags":[],"class_list":["post-59287","post","type-post","status-publish","format-standard","has-post-thumbnail","hentry","category-mundo"],"_links":{"self":[{"href":"https:\/\/themexicopost.com\/index.php?rest_route=\/wp\/v2\/posts\/59287","targetHints":{"allow":["GET"]}}],"collection":[{"href":"https:\/\/themexicopost.com\/index.php?rest_route=\/wp\/v2\/posts"}],"about":[{"href":"https:\/\/themexicopost.com\/index.php?rest_route=\/wp\/v2\/types\/post"}],"author":[{"embeddable":true,"href":"https:\/\/themexicopost.com\/index.php?rest_route=\/wp\/v2\/users\/1"}],"replies":[{"embeddable":true,"href":"https:\/\/themexicopost.com\/index.php?rest_route=%2Fwp%2Fv2%2Fcomments&post=59287"}],"version-history":[{"count":1,"href":"https:\/\/themexicopost.com\/index.php?rest_route=\/wp\/v2\/posts\/59287\/revisions"}],"predecessor-version":[{"id":59289,"href":"https:\/\/themexicopost.com\/index.php?rest_route=\/wp\/v2\/posts\/59287\/revisions\/59289"}],"wp:featuredmedia":[{"embeddable":true,"href":"https:\/\/themexicopost.com\/index.php?rest_route=\/wp\/v2\/media\/59288"}],"wp:attachment":[{"href":"https:\/\/themexicopost.com\/index.php?rest_route=%2Fwp%2Fv2%2Fmedia&parent=59287"}],"wp:term":[{"taxonomy":"category","embeddable":true,"href":"https:\/\/themexicopost.com\/index.php?rest_route=%2Fwp%2Fv2%2Fcategories&post=59287"},{"taxonomy":"post_tag","embeddable":true,"href":"https:\/\/themexicopost.com\/index.php?rest_route=%2Fwp%2Fv2%2Ftags&post=59287"}],"curies":[{"name":"wp","href":"https:\/\/api.w.org\/{rel}","templated":true}]}}