{"id":59302,"date":"2025-05-16T07:48:49","date_gmt":"2025-05-16T13:48:49","guid":{"rendered":"https:\/\/themexicopost.com\/?p=59302"},"modified":"2025-06-26T05:05:55","modified_gmt":"2025-06-26T11:05:55","slug":"senalan-que-maduro-usa-el-terror-para-anular-la-disidencia-en-venezuela","status":"publish","type":"post","link":"https:\/\/themexicopost.com\/?p=59302","title":{"rendered":"Se\u00f1alan que Maduro usa el terror para anular la disidencia en Venezuela"},"content":{"rendered":"\n<figure class=\"wp-block-pullquote\"><blockquote><p>De acuerdo al Instituto Casla, en el pa\u00eds las detenciones arbitrarias, las desapariciones forzadas y la tortura son sistem\u00e1ticas.<\/p><\/blockquote><\/figure>\n\n\n\n<p class=\"has-drop-cap\">El Instituto Casla denunci\u00f3 en Washington que en Venezuela se utiliza el terror mediante detenciones arbitrarias, las desapariciones forzadas y la tortura de manera sistem\u00e1tica; adem\u00e1s de alerta que existen 532 detenidos cuyas identidades se desconocen.<br><\/p>\n\n\n\n<p>Esta situaci\u00f3n se ha presentado desde la reelecci\u00f3n de Nicol\u00e1s Maduro en julio del a\u00f1o pasado, cuando la oposici\u00f3n venezolana denuncia fraude y reivindica el triunfo de su candidato, el exiliado Edmundo Gonz\u00e1lez Urrutia.<br><\/p>\n\n\n\n<p>Esta proclamaci\u00f3n de Maduro como presidente dej\u00f3 protestas que dejaron 28 muertos y unos 2,400 detenidos, de los cuales m\u00e1s de 2,000 han sido excarcelados. Activistas denuncian no obstante que los arrestos de opositores no han cesado.<br><\/p>\n\n\n\n<p>Foro Penal una ONE dio como cifra de 906 los presos en Venezuela por razones pol\u00edticas. Mientras que Casla, un centro de estudios sobre Am\u00e9rica Latina con sede en Praga, denuncia cr\u00edmenes de lesa humanidad cometidos por el r\u00e9gimen de Nicol\u00e1s Maduro con violaciones sistem\u00e1ticas y generalizadas contra la poblaci\u00f3n civil, especialmente contra opositores.<br><\/p>\n\n\n\n<p>&#8220;Las detenciones arbitrarias, las desapariciones forzadas y la tortura no son hechos aislados, sino pr\u00e1cticas sistem\u00e1ticas que configuran una estrategia clara de control social&#8221;, afirma en un informe que abarca de marzo de 2024 a abril de 2025.<br><\/p>\n\n\n\n<figure class=\"wp-block-image size-large\"><img fetchpriority=\"high\" decoding=\"async\" width=\"1024\" height=\"684\" src=\"https:\/\/themexicopost.com\/wp-content\/uploads\/2025\/05\/senalan-21-1024x684.jpg\" alt=\"\" class=\"wp-image-59304\" srcset=\"https:\/\/themexicopost.com\/wp-content\/uploads\/2025\/05\/senalan-21-1024x684.jpg 1024w, https:\/\/themexicopost.com\/wp-content\/uploads\/2025\/05\/senalan-21-300x201.jpg 300w, https:\/\/themexicopost.com\/wp-content\/uploads\/2025\/05\/senalan-21-768x513.jpg 768w, https:\/\/themexicopost.com\/wp-content\/uploads\/2025\/05\/senalan-21.jpg 1200w\" sizes=\"(max-width: 1024px) 100vw, 1024px\" \/><\/figure>\n\n\n\n<p>Casla denuncia un Estado terrorista, donde el terror es utilizado como pol\u00edtica p\u00fablica para anular la disidencia, silenciar opositores y mantener el poder a trav\u00e9s del sometimiento&#8221;.<br><\/p>\n\n\n\n<p>El informe acusa al gobierno de Maduro, investigado por la Corte Penal Internacional (CPI) por presuntos delitos de lesa humanidad, de inducir a los detenidos al suicidio.<br><\/p>\n\n\n\n<p>Han se\u00f1alado que son m\u00faltiples los testimonios que nos llegan sobre personas detenidas en el contexto de las manifestaciones que trataron de quitarse la vida en Tocor\u00f3n y Tocuyito, dos c\u00e1rceles de m\u00e1xima seguridad abiertas de nuevo por orden de Maduro en agosto de 2024.<br><\/p>\n\n\n\n<p>En estos centros muchos fueron v\u00edctimas de torturas f\u00edsicas y psicol\u00f3gicas, como golpes, descargas el\u00e9ctricas, colgamientos, quemaduras, hambre\u2026<br><\/p>\n\n\n\n<p>Muchos de los carceleros son j\u00f3venes de entre 18 y 25 a\u00f1os y algunos fueron detenidos por negarse a torturar, afirma Casla.<br><\/p>\n\n\n\n<p>En este informe se presenta evidencia sobre los tormentos a los que son sometidos los venezolanos d\u00eda a d\u00eda para sostener en vida la dictadura de Nicol\u00e1s Maduro, declar\u00f3 durante la presentaci\u00f3n Luis Almagro, secretario general saliente de la OEA.<\/p>\n","protected":false},"excerpt":{"rendered":"<p>De acuerdo al Instituto Casla, en el pa\u00eds las detenciones arbitrarias, las desapariciones forzadas y la tortura son sistem\u00e1ticas. El Instituto Casla denunci\u00f3 en Washington que en Venezuela se utiliza el terror mediante detenciones arbitrarias, las desapariciones forzadas y la tortura de manera sistem\u00e1tica; adem\u00e1s de alerta que existen 532 detenidos cuyas identidades se desconocen. [&hellip;]<\/p>\n","protected":false},"author":1,"featured_media":59303,"comment_status":"closed","ping_status":"closed","sticky":false,"template":"","format":"standard","meta":{"footnotes":""},"categories":[83,80],"tags":[],"class_list":["post-59302","post","type-post","status-publish","format-standard","has-post-thumbnail","hentry","category-destacado","category-mundo"],"_links":{"self":[{"href":"https:\/\/themexicopost.com\/index.php?rest_route=\/wp\/v2\/posts\/59302","targetHints":{"allow":["GET"]}}],"collection":[{"href":"https:\/\/themexicopost.com\/index.php?rest_route=\/wp\/v2\/posts"}],"about":[{"href":"https:\/\/themexicopost.com\/index.php?rest_route=\/wp\/v2\/types\/post"}],"author":[{"embeddable":true,"href":"https:\/\/themexicopost.com\/index.php?rest_route=\/wp\/v2\/users\/1"}],"replies":[{"embeddable":true,"href":"https:\/\/themexicopost.com\/index.php?rest_route=%2Fwp%2Fv2%2Fcomments&post=59302"}],"version-history":[{"count":1,"href":"https:\/\/themexicopost.com\/index.php?rest_route=\/wp\/v2\/posts\/59302\/revisions"}],"predecessor-version":[{"id":59305,"href":"https:\/\/themexicopost.com\/index.php?rest_route=\/wp\/v2\/posts\/59302\/revisions\/59305"}],"wp:featuredmedia":[{"embeddable":true,"href":"https:\/\/themexicopost.com\/index.php?rest_route=\/wp\/v2\/media\/59303"}],"wp:attachment":[{"href":"https:\/\/themexicopost.com\/index.php?rest_route=%2Fwp%2Fv2%2Fmedia&parent=59302"}],"wp:term":[{"taxonomy":"category","embeddable":true,"href":"https:\/\/themexicopost.com\/index.php?rest_route=%2Fwp%2Fv2%2Fcategories&post=59302"},{"taxonomy":"post_tag","embeddable":true,"href":"https:\/\/themexicopost.com\/index.php?rest_route=%2Fwp%2Fv2%2Ftags&post=59302"}],"curies":[{"name":"wp","href":"https:\/\/api.w.org\/{rel}","templated":true}]}}