{"id":59319,"date":"2025-05-16T07:56:37","date_gmt":"2025-05-16T13:56:37","guid":{"rendered":"https:\/\/themexicopost.com\/?p=59319"},"modified":"2025-06-26T05:05:48","modified_gmt":"2025-06-26T11:05:48","slug":"se-preparan-delegaciones-de-rusia-y-ucrania-para-sus-primeras-conversaciones-de-paz-en-tres-anos","status":"publish","type":"post","link":"https:\/\/themexicopost.com\/?p=59319","title":{"rendered":"Se preparan delegaciones de Rusia y Ucrania para sus primeras conversaciones de paz en tres a\u00f1os"},"content":{"rendered":"\n<figure class=\"wp-block-pullquote\"><blockquote><p>Ucrania acept\u00f3 la propuesta estadounidense y europea de un alto el fuego total de 30 d\u00edas, pero Putin la rechaz\u00f3 al imponer condiciones de gran alcance.<\/p><\/blockquote><\/figure>\n\n\n\n<p class=\"has-drop-cap\">Rusia y Ucrania se reunir\u00e1n hoy viernes en Estambul para sus primeras conversaciones de paz directas en tres a\u00f1os, con la mediaci\u00f3n turca. Sin embargo, funcionarios y observadores prev\u00e9n escasos avances inmediatos para detener la guerra que dura m\u00e1s de tres a\u00f1os.<br><\/p>\n\n\n\n<p>Una delegaci\u00f3n ucraniana, encabezada por el ministro de Defensa, Rustem Umerov, ten\u00eda previsto reunirse con un equipo ruso de bajo nivel encabezado por el asesor presidencial, Vladimir Medinsky.<br><\/p>\n\n\n\n<p>El \u00faltimo intento de poner fin a los combates tuvo un comienzo complicado, cuando el presidente ruso, Vladimir Putin, rechaz\u00f3 una oferta del l\u00edder ucraniano, Volodymyr Zelenskyy, para reunirse cara a cara. Delegaciones de ambos pa\u00edses tambi\u00e9n viajaron a diferentes ciudades turcas y formaron equipos con un peso diplom\u00e1tico significativamente diferente para las posibles conversaciones.<br><\/p>\n\n\n\n<p>Aunque las expectativas sobre una posible reuni\u00f3n entre Putin y Zelenskyy eran bajas, la aparente falta de impulso en los esfuerzos de paz frustr\u00f3 las esperanzas de que Turqu\u00eda tomara medidas audaces para alcanzar un acuerdo. Las condiciones para el fin de la guerra est\u00e1n muy distantes entre s\u00ed, y el presidente estadounidense, Donald Trump, declar\u00f3 el jueves durante un viaje a Oriente Medio que una reuni\u00f3n con Putin era crucial para romper el estancamiento.<br><\/p>\n\n\n\n<p>Ucrania acept\u00f3 la propuesta estadounidense y europea de un alto el fuego total de 30 d\u00edas, pero Putin la rechaz\u00f3 al imponer condiciones de gran alcance.<br><\/p>\n\n\n\n<p>Mientras tanto, las fuerzas rusas preparan una nueva ofensiva militar, seg\u00fan analistas militares occidentales y del gobierno ucraniano.<br><\/p>\n\n\n\n<p>Despu\u00e9s de que Putin no aceptara el reto de Zelenski de reunirse con \u00e9l en la capital turca, el presidente ucraniano acus\u00f3 a Mosc\u00fa de no hacer un esfuerzo serio para poner fin a la guerra, enviando un equipo negociador de bajo nivel que describi\u00f3 como un simple montaje.<br><\/p>\n\n\n\n<p>Aun as\u00ed, Zelenski afirm\u00f3 que enviar\u00eda un equipo encabezado por su ministro de Defensa a la reuni\u00f3n del viernes en Estambul. Esto demostrar\u00eda a Trump que Ucrania est\u00e1 decidida a seguir adelante con los esfuerzos de paz a pesar de la lentitud rusa, afirm\u00f3 Zelenski, en medio de intensas maniobras diplom\u00e1ticas entre Kiev y Mosc\u00fa.<br><\/p>\n\n\n\n<p>La delegaci\u00f3n rusa tambi\u00e9n incluye a otros tres altos funcionarios, seg\u00fan inform\u00f3 el Kremlin. Putin tambi\u00e9n design\u00f3 a cuatro funcionarios de menor rango como expertos para las conversaciones.<br><\/p>\n\n\n\n<p>El secretario de Estado estadounidense, Marco Rubio, anunci\u00f3 que se reunir\u00e1 en Estambul con el ministro de Asuntos Exteriores turco, Hakan Fidan, y la delegaci\u00f3n ucraniana. A\u00f1adi\u00f3 que la delegaci\u00f3n rusa se reunir\u00e1 con otros miembros del equipo estadounidense y que espera que todas las partes puedan reunirse.<br><\/p>\n\n\n\n<p>Zelenski, mientras tanto, vol\u00f3 a Albania para asistir a una reuni\u00f3n de l\u00edderes pol\u00edticos europeos el viernes.<\/p>\n","protected":false},"excerpt":{"rendered":"<p>Ucrania acept\u00f3 la propuesta estadounidense y europea de un alto el fuego total de 30 d\u00edas, pero Putin la rechaz\u00f3 al imponer condiciones de gran alcance. Rusia y Ucrania se reunir\u00e1n hoy viernes en Estambul para sus primeras conversaciones de paz directas en tres a\u00f1os, con la mediaci\u00f3n turca. Sin embargo, funcionarios y observadores prev\u00e9n [&hellip;]<\/p>\n","protected":false},"author":1,"featured_media":59320,"comment_status":"closed","ping_status":"closed","sticky":false,"template":"","format":"standard","meta":{"footnotes":""},"categories":[83,80,85],"tags":[],"class_list":["post-59319","post","type-post","status-publish","format-standard","has-post-thumbnail","hentry","category-destacado","category-mundo","category-portada"],"_links":{"self":[{"href":"https:\/\/themexicopost.com\/index.php?rest_route=\/wp\/v2\/posts\/59319","targetHints":{"allow":["GET"]}}],"collection":[{"href":"https:\/\/themexicopost.com\/index.php?rest_route=\/wp\/v2\/posts"}],"about":[{"href":"https:\/\/themexicopost.com\/index.php?rest_route=\/wp\/v2\/types\/post"}],"author":[{"embeddable":true,"href":"https:\/\/themexicopost.com\/index.php?rest_route=\/wp\/v2\/users\/1"}],"replies":[{"embeddable":true,"href":"https:\/\/themexicopost.com\/index.php?rest_route=%2Fwp%2Fv2%2Fcomments&post=59319"}],"version-history":[{"count":1,"href":"https:\/\/themexicopost.com\/index.php?rest_route=\/wp\/v2\/posts\/59319\/revisions"}],"predecessor-version":[{"id":59321,"href":"https:\/\/themexicopost.com\/index.php?rest_route=\/wp\/v2\/posts\/59319\/revisions\/59321"}],"wp:featuredmedia":[{"embeddable":true,"href":"https:\/\/themexicopost.com\/index.php?rest_route=\/wp\/v2\/media\/59320"}],"wp:attachment":[{"href":"https:\/\/themexicopost.com\/index.php?rest_route=%2Fwp%2Fv2%2Fmedia&parent=59319"}],"wp:term":[{"taxonomy":"category","embeddable":true,"href":"https:\/\/themexicopost.com\/index.php?rest_route=%2Fwp%2Fv2%2Fcategories&post=59319"},{"taxonomy":"post_tag","embeddable":true,"href":"https:\/\/themexicopost.com\/index.php?rest_route=%2Fwp%2Fv2%2Ftags&post=59319"}],"curies":[{"name":"wp","href":"https:\/\/api.w.org\/{rel}","templated":true}]}}