{"id":59472,"date":"2025-05-20T07:54:10","date_gmt":"2025-05-20T13:54:10","guid":{"rendered":"https:\/\/themexicopost.com\/?p=59472"},"modified":"2025-06-26T05:08:58","modified_gmt":"2025-06-26T11:08:58","slug":"anuncia-microsoft-acuerdo-con-musk-para-albergar-chatbot-xai","status":"publish","type":"post","link":"https:\/\/themexicopost.com\/?p=59472","title":{"rendered":"Anuncia Microsoft acuerdo con Musk para albergar chatbot xAI"},"content":{"rendered":"\n<figure class=\"wp-block-pullquote\"><blockquote><p>Durante un evento, Musk afirm\u00f3 que sus programas aspiran a la verdad.<\/p><\/blockquote><\/figure>\n\n\n\n<p class=\"has-drop-cap\">Este inici\u00f3 de semana, Microsoft anunci\u00f3 que su plataforma de almacenamiento en la nube albergar\u00e1 tecnolog\u00eda de la empresa de inteligencia artificial de Elon Musk, xAI, d\u00edas despu\u00e9s de la pol\u00e9mica generada por la referencia de uno de sus modelos a un genocidio blanco en Sud\u00e1frica.<br><\/p>\n\n\n\n<p>Se\u00f1al\u00f3 Musk en un evento de Microsoft que sus programas aspiran a la verdad con m\u00ednimos errores, pero agreg\u00f3 que siempre se cometer\u00e1n algunos errores.<br><\/p>\n\n\n\n<p>La semana pasada el chatbot Grok, de xAI, gener\u00f3 pol\u00e9mica por afirmar que en Sud\u00e1frica hubo opresi\u00f3n hacia la poblaci\u00f3n blanca.<br><\/p>\n\n\n\n<p>En una conversaci\u00f3n grabada con el consejero delegado de Microsoft, Satya Nadella, Musk dijo que xAI siempre ser\u00eda transparente a la hora de reconocer errores de sus modelos de IA Grok.<br><\/p>\n\n\n\n<p>Recientemente se descubri\u00f3 que el \u00faltimo modelo del l\u00edder del sector, OpenAI, daba respuestas demasiado aduladoras hacia el usuario. La empresa sali\u00f3 de inmediato al paso y dijo que estaba introduciendo cambios para revertir esta situaci\u00f3n.<br><\/p>\n\n\n\n<p>Pero las respuestas proporcionadas por Grok hicieron saltar las alarmas, ya que reflejaban una teor\u00eda de la conspiraci\u00f3n compartida a menudo por Musk en sus publicaciones en X, la red social del magnate de Tesla.<br><\/p>\n\n\n\n<p>La empresa asegur\u00f3 que el problema de estas respuestas fue culpa de una modificaci\u00f3n no autorizada de Grok que le permiti\u00f3 dar respuestas que violaban las pol\u00edticas internas y los valores fundamentales de xAI.<\/p>\n","protected":false},"excerpt":{"rendered":"<p>Durante un evento, Musk afirm\u00f3 que sus programas aspiran a la verdad. Este inici\u00f3 de semana, Microsoft anunci\u00f3 que su plataforma de almacenamiento en la nube albergar\u00e1 tecnolog\u00eda de la empresa de inteligencia artificial de Elon Musk, xAI, d\u00edas despu\u00e9s de la pol\u00e9mica generada por la referencia de uno de sus modelos a un genocidio [&hellip;]<\/p>\n","protected":false},"author":1,"featured_media":59473,"comment_status":"closed","ping_status":"closed","sticky":false,"template":"","format":"standard","meta":{"footnotes":""},"categories":[83,80],"tags":[],"class_list":["post-59472","post","type-post","status-publish","format-standard","has-post-thumbnail","hentry","category-destacado","category-mundo"],"_links":{"self":[{"href":"https:\/\/themexicopost.com\/index.php?rest_route=\/wp\/v2\/posts\/59472","targetHints":{"allow":["GET"]}}],"collection":[{"href":"https:\/\/themexicopost.com\/index.php?rest_route=\/wp\/v2\/posts"}],"about":[{"href":"https:\/\/themexicopost.com\/index.php?rest_route=\/wp\/v2\/types\/post"}],"author":[{"embeddable":true,"href":"https:\/\/themexicopost.com\/index.php?rest_route=\/wp\/v2\/users\/1"}],"replies":[{"embeddable":true,"href":"https:\/\/themexicopost.com\/index.php?rest_route=%2Fwp%2Fv2%2Fcomments&post=59472"}],"version-history":[{"count":1,"href":"https:\/\/themexicopost.com\/index.php?rest_route=\/wp\/v2\/posts\/59472\/revisions"}],"predecessor-version":[{"id":59474,"href":"https:\/\/themexicopost.com\/index.php?rest_route=\/wp\/v2\/posts\/59472\/revisions\/59474"}],"wp:featuredmedia":[{"embeddable":true,"href":"https:\/\/themexicopost.com\/index.php?rest_route=\/wp\/v2\/media\/59473"}],"wp:attachment":[{"href":"https:\/\/themexicopost.com\/index.php?rest_route=%2Fwp%2Fv2%2Fmedia&parent=59472"}],"wp:term":[{"taxonomy":"category","embeddable":true,"href":"https:\/\/themexicopost.com\/index.php?rest_route=%2Fwp%2Fv2%2Fcategories&post=59472"},{"taxonomy":"post_tag","embeddable":true,"href":"https:\/\/themexicopost.com\/index.php?rest_route=%2Fwp%2Fv2%2Ftags&post=59472"}],"curies":[{"name":"wp","href":"https:\/\/api.w.org\/{rel}","templated":true}]}}