{"id":59481,"date":"2025-05-20T07:57:05","date_gmt":"2025-05-20T13:57:05","guid":{"rendered":"https:\/\/themexicopost.com\/?p=59481"},"modified":"2025-06-26T05:08:57","modified_gmt":"2025-06-26T11:08:57","slug":"arrestan-en-alemania-a-sospechoso-de-ataque-cinco-personas-resultaron-heridas-afuera-de-un-bar","status":"publish","type":"post","link":"https:\/\/themexicopost.com\/?p=59481","title":{"rendered":"Arrestan en Alemania a sospechoso de ataque; cinco personas resultaron heridas afuera de un bar"},"content":{"rendered":"\n<figure class=\"wp-block-pullquote\"><blockquote><p>\u201cAhora necesitamos respuestas sobre qu\u00e9 motivo llev\u00f3 al autor a cometer el crimen\u201d, a\u00f1adi\u00f3 el ministro.<\/p><\/blockquote><\/figure>\n\n\n\n<p class=\"has-drop-cap\">Un sospechoso presuntamente atac\u00f3 e hiri\u00f3 a cinco personas a las afueras de un bar en la ciudad de Bielefeld, en el oeste de Alemania, fue arrestado tras casi dos d\u00edas de b\u00fasqueda, inform\u00f3 la agencia de noticias alemana dpa.<br><\/p>\n\n\n\n<p>&#8220;El minucioso trabajo dio sus frutos y pudimos arrestar al sorprendido agresor&#8221;, declar\u00f3 a dpa el ministro del Interior del estado de Renania del Norte-Westfalia, Herbert Reul, tras la detenci\u00f3n de un hombre la noche del lunes en la localidad occidental de Heiligenhaus, cerca de D\u00fcsseldorf.<br><\/p>\n\n\n\n<p>Seg\u00fan la polic\u00eda, el sospechoso es un sirio de 35 a\u00f1os residente en Alemania. Fue la madrugada del domingo, cuando cinco hombres de entre 22 y 27 a\u00f1os fueron atacados por un sospechoso que bland\u00eda un objeto afilado a las afueras de un bar en el centro de Bielefeld; cuatro de ellos se encontraban en estado grave.<br><\/p>\n\n\n\n<p>Reul afirm\u00f3 que, tras el impactante crimen de Bielefeld, los investigadores hab\u00edan seguido hasta la \u00faltima pista del agresor con todos los recursos disponibles.<br><\/p>\n\n\n\n<p>\u201cAhora necesitamos respuestas sobre qu\u00e9 motivo llev\u00f3 al autor a cometer el crimen\u201d, a\u00f1adi\u00f3 el ministro.<\/p>\n","protected":false},"excerpt":{"rendered":"<p>\u201cAhora necesitamos respuestas sobre qu\u00e9 motivo llev\u00f3 al autor a cometer el crimen\u201d, a\u00f1adi\u00f3 el ministro. Un sospechoso presuntamente atac\u00f3 e hiri\u00f3 a cinco personas a las afueras de un bar en la ciudad de Bielefeld, en el oeste de Alemania, fue arrestado tras casi dos d\u00edas de b\u00fasqueda, inform\u00f3 la agencia de noticias alemana [&hellip;]<\/p>\n","protected":false},"author":1,"featured_media":59482,"comment_status":"closed","ping_status":"closed","sticky":false,"template":"","format":"standard","meta":{"footnotes":""},"categories":[80],"tags":[],"class_list":["post-59481","post","type-post","status-publish","format-standard","has-post-thumbnail","hentry","category-mundo"],"_links":{"self":[{"href":"https:\/\/themexicopost.com\/index.php?rest_route=\/wp\/v2\/posts\/59481","targetHints":{"allow":["GET"]}}],"collection":[{"href":"https:\/\/themexicopost.com\/index.php?rest_route=\/wp\/v2\/posts"}],"about":[{"href":"https:\/\/themexicopost.com\/index.php?rest_route=\/wp\/v2\/types\/post"}],"author":[{"embeddable":true,"href":"https:\/\/themexicopost.com\/index.php?rest_route=\/wp\/v2\/users\/1"}],"replies":[{"embeddable":true,"href":"https:\/\/themexicopost.com\/index.php?rest_route=%2Fwp%2Fv2%2Fcomments&post=59481"}],"version-history":[{"count":1,"href":"https:\/\/themexicopost.com\/index.php?rest_route=\/wp\/v2\/posts\/59481\/revisions"}],"predecessor-version":[{"id":59483,"href":"https:\/\/themexicopost.com\/index.php?rest_route=\/wp\/v2\/posts\/59481\/revisions\/59483"}],"wp:featuredmedia":[{"embeddable":true,"href":"https:\/\/themexicopost.com\/index.php?rest_route=\/wp\/v2\/media\/59482"}],"wp:attachment":[{"href":"https:\/\/themexicopost.com\/index.php?rest_route=%2Fwp%2Fv2%2Fmedia&parent=59481"}],"wp:term":[{"taxonomy":"category","embeddable":true,"href":"https:\/\/themexicopost.com\/index.php?rest_route=%2Fwp%2Fv2%2Fcategories&post=59481"},{"taxonomy":"post_tag","embeddable":true,"href":"https:\/\/themexicopost.com\/index.php?rest_route=%2Fwp%2Fv2%2Ftags&post=59481"}],"curies":[{"name":"wp","href":"https:\/\/api.w.org\/{rel}","templated":true}]}}